{"id":105,"date":"2011-02-06T16:53:54","date_gmt":"2011-02-06T15:53:54","guid":{"rendered":"http:\/\/www.marinadellabella.it\/?p=105"},"modified":"2014-07-07T16:02:53","modified_gmt":"2014-07-07T15:02:53","slug":"resistenze-naturali","status":"publish","type":"post","link":"https:\/\/www.marinadellabella.it\/?p=105","title":{"rendered":"Resistenze naturali"},"content":{"rendered":"<p style=\"text-align: justify;\"><a rel=\"attachment wp-att-331\" href=\"https:\/\/www.marinadellabella.it\/?attachment_id=331\"><img loading=\"lazy\" decoding=\"async\" class=\"alignleft size-full wp-image-331\" title=\"Le terre emerse\" src=\"https:\/\/www.marinadellabella.it\/wp-content\/uploads\/2011\/02\/Le-terre-emerse1.jpg\" alt=\"\" width=\"246\" height=\"142\" \/><\/a>In questi giorni ho letto <em>Le terre emerse <\/em>del poeta ticinese Fabio Pusterla (Einaudi 2009), note finali comprese, e anche da queste ultime ho ricevuto forti suggestioni.<\/p>\n<p style=\"text-align: justify;\">Qui mi riferisco a due note in particolare. Una riguarda il <em><a href=\"http:\/\/it.wikipedia.org\/wiki\/Raphus_cucullatus\">dronte<\/a><\/em>, uccello delle Mauritius incapace di nuotare e di volare: non super\u00f2 l&#8217;impatto della colonizzazione olandese e si estinse. L&#8217;altra rimanda a <em>Flora ferroviaria<\/em> (di Ernesto Schick, Chiasso 1980), che descrive l&#8217;indomabilit\u00e0 di alcune piante durante la realizzazione di un tratto ferroviario elvetico.<\/p>\n<p style=\"text-align: justify;\">Entrambi sono esempi di aggressione e di risposta naturale dagli esiti opposti, muoio o resisto, senza casi intermedi di adeguamento.<\/p>\n<p style=\"text-align: justify;\">Il paragone con la nostra condizione antropologica \u00e8 inquietante: tra minoranze in via di estinzione o resistenti si colloca una massa mutante sempre pi\u00f9 numerosa, a corto di identit\u00e0 e di reazione di fronte a qualsiasi rischio di libert\u00e0.<\/p>\n<p style=\"text-align: justify;\">Ieri mi sono addormentata pensando: Chi di noi, dopo una fuga impossibile, finir\u00e0 come il dronte? Chi come l&#8217;erba aggrappata a qualche massicciata di confine? E semmai da quale parte, italiana o svizzera?<\/p>\n","protected":false},"excerpt":{"rendered":"<p>In questi giorni ho letto Le terre emerse del poeta ticinese Fabio Pusterla (Einaudi 2009), note finali comprese, e anche da queste ultime ho ricevuto forti suggestioni. Qui mi riferisco a due note in particolare. Una riguarda il dronte, uccello &hellip; <a href=\"https:\/\/www.marinadellabella.it\/?p=105\">Continua a leggere<span class=\"meta-nav\">&rarr;<\/span><\/a><\/p>\n","protected":false},"author":1,"featured_media":0,"comment_status":"closed","ping_status":"open","sticky":false,"template":"","format":"standard","meta":{"footnotes":""},"categories":[23,13],"tags":[26,24,27,25,17],"class_list":["post-105","post","type-post","status-publish","format-standard","hentry","category-ambiente","category-letteratura","tag-ernesto-schick","tag-fabio-pusterla","tag-flora-ferroviaria","tag-le-terre-emerse","tag-poesia"],"_links":{"self":[{"href":"https:\/\/www.marinadellabella.it\/index.php?rest_route=\/wp\/v2\/posts\/105","targetHints":{"allow":["GET"]}}],"collection":[{"href":"https:\/\/www.marinadellabella.it\/index.php?rest_route=\/wp\/v2\/posts"}],"about":[{"href":"https:\/\/www.marinadellabella.it\/index.php?rest_route=\/wp\/v2\/types\/post"}],"author":[{"embeddable":true,"href":"https:\/\/www.marinadellabella.it\/index.php?rest_route=\/wp\/v2\/users\/1"}],"replies":[{"embeddable":true,"href":"https:\/\/www.marinadellabella.it\/index.php?rest_route=%2Fwp%2Fv2%2Fcomments&post=105"}],"version-history":[{"count":19,"href":"https:\/\/www.marinadellabella.it\/index.php?rest_route=\/wp\/v2\/posts\/105\/revisions"}],"predecessor-version":[{"id":108,"href":"https:\/\/www.marinadellabella.it\/index.php?rest_route=\/wp\/v2\/posts\/105\/revisions\/108"}],"wp:attachment":[{"href":"https:\/\/www.marinadellabella.it\/index.php?rest_route=%2Fwp%2Fv2%2Fmedia&parent=105"}],"wp:term":[{"taxonomy":"category","embeddable":true,"href":"https:\/\/www.marinadellabella.it\/index.php?rest_route=%2Fwp%2Fv2%2Fcategories&post=105"},{"taxonomy":"post_tag","embeddable":true,"href":"https:\/\/www.marinadellabella.it\/index.php?rest_route=%2Fwp%2Fv2%2Ftags&post=105"}],"curies":[{"name":"wp","href":"https:\/\/api.w.org\/{rel}","templated":true}]}}