{"id":1054,"date":"2011-07-04T14:18:14","date_gmt":"2011-07-04T13:18:14","guid":{"rendered":"http:\/\/www.marinadellabella.it\/?p=1054"},"modified":"2015-09-22T11:45:00","modified_gmt":"2015-09-22T10:45:00","slug":"la-liberta-dei-giornali","status":"publish","type":"post","link":"https:\/\/www.marinadellabella.it\/?p=1054","title":{"rendered":"La libert\u00e0 dei giornali"},"content":{"rendered":"<p style=\"text-align: justify;\"><em><a href=\"https:\/\/www.marinadellabella.it\/?attachment_id=1066\" rel=\"attachment wp-att-1066\"><img loading=\"lazy\" decoding=\"async\" class=\"alignleft size-full wp-image-1066\" title=\"giornali\" src=\"https:\/\/www.marinadellabella.it\/wp-content\/uploads\/2011\/07\/giornali-e1309796019261.jpg\" alt=\"\" width=\"135\" height=\"92\" \/><\/a>Per ogni dato momento c&#8217;\u00e8 un&#8217;ortodossia, un corpo d&#8217;idee che, presumibilmente, tutti i benpensanti accetteranno senza batter ciglio. Non \u00e8 espressamente proibito dire questo o quest&#8217;altro, ma non va fatto&#8230; Chiunque sfidi il conformismo corrente, si trover\u00e0 zittito con un&#8217;efficacia sbalorditiva. Una opinione che vada veramente controcorrente, non ottiene quasi mai la giusta considerazione, n\u00e9 sulla stampa popolare n\u00e9 su quella intellettuale&#8230; <\/em>(George Orwell, La libert\u00e0 di stampa)<\/p>\n<p style=\"text-align: justify;\">Sulla Val Susa, dopo la militarizzazione del territorio da parte delle forze dell&#8217;ordine, l&#8217;impiego di lacrimogeni anche ad altezza d&#8217;uomo e la guerriglia di alcuni giovani irresponsabili (letale\u00a0 per i manifestanti pacifici e funzionale ai loro detrattori) sappiamo dalla stampa quel che le interessa farci sapere. Non solo, gli scontri di ieri sono pressoch\u00e9 l&#8217;unico argomento trattato, cos\u00ec da coprire le vere ragioni della protesta. Che sono la costosissima inutilit\u00e0, dannosa per l&#8217;ambiente e la salute, di una grande opera da realizzarsi in quella valle con soldi pubblici. Un&#8217;opportunit\u00e0 per i partiti di gestire appalti e clientele, come gi\u00e0 hanno iniziato a fare con metodi\u00a0 assai poco trasparenti.<\/p>\n<p style=\"text-align: justify;\">Che cosa ne pensino gli abitanti della valle e tanti cittadini, che vi leggono un esempio di pessimo sviluppo e un esercizio di regime, non interessa quasi a nessuno. La grande opera, cos\u00ec calata dall&#8217;alto da richiedere un presidio armato, s&#8217;ha da fare per forza, anche a rischio di diventare un&#8217;altra incompiuta. Perch\u00e9 i soldi per finirla non ci saranno: la grave crisi italiana sta gi\u00e0 richiedendo, tra tagli e tasse, una manovra da 47 miliardi.<\/p>\n<p style=\"text-align: justify;\">Beppe Grillo, una delle poche voci della libera informazione in Italia, in questi anni si \u00e8 speso tantissimo per sostenere il movimento No Tav, osteggiato pi\u00f9 o meno da tutti i partiti. Ieri \u00e8 tornato ad esporsi, usando la sua solita chiarezza, quella stessa che usa nel blog quando parla di un <em>&#8220;treno merci che dovrebbe trasportare in un lontano futuro carichi inesistenti e in diminuzione da un decennio sull&#8217;attuale tratta ferroviaria della Val di Susa. Esiste gi\u00e0, infatti, una linea merci che collega Torino a Modane completamente sottoutilizzata. Un tunnel di 57 chilometri. L&#8217;opera sar\u00e0 finita tra venti anni, un periodo infinito, in cui si prevede un&#8217;ulteriore diminuzione dei trasporti europei. A che serve la Tav? Ma soprattutto a chi serve? Chi ci guadagna? Il costo previsto \u00e8 di 22 miliardi a carico della collettivit\u00e0. La UE ci dar\u00e0 solo 672 milioni (soldi nostri comunque, dato che diamo ogni anno circa 13 miliardi alla UE e ne riceviamo 9). Perch\u00e9 nessuno confuta questi dati?&#8221;<\/em><\/p>\n<p style=\"text-align: justify;\">Invece di confutare i suoi dati, i giornali di oggi sono unanimi nel crocifiggere Grillo, accusandolo di aver fomentato i disordini. Forse gli invidiano la libert\u00e0 con cui chiama le cose con il loro vero nome: un regime \u00e8 regime, un imbroglio \u00e8 imbroglio.<\/p>\n<p style=\"text-align: justify;\">\n","protected":false},"excerpt":{"rendered":"<p>Per ogni dato momento c&#8217;\u00e8 un&#8217;ortodossia, un corpo d&#8217;idee che, presumibilmente, tutti i benpensanti accetteranno senza batter ciglio. Non \u00e8 espressamente proibito dire questo o quest&#8217;altro, ma non va fatto&#8230; Chiunque sfidi il conformismo corrente, si trover\u00e0 zittito con un&#8217;efficacia &hellip; <a href=\"https:\/\/www.marinadellabella.it\/?p=1054\">Continua a leggere<span class=\"meta-nav\">&rarr;<\/span><\/a><\/p>\n","protected":false},"author":1,"featured_media":0,"comment_status":"open","ping_status":"open","sticky":false,"template":"","format":"standard","meta":{"footnotes":""},"categories":[1],"tags":[365,366],"class_list":["post-1054","post","type-post","status-publish","format-standard","hentry","category-uncategorized","tag-giornali","tag-no-tav"],"_links":{"self":[{"href":"https:\/\/www.marinadellabella.it\/index.php?rest_route=\/wp\/v2\/posts\/1054","targetHints":{"allow":["GET"]}}],"collection":[{"href":"https:\/\/www.marinadellabella.it\/index.php?rest_route=\/wp\/v2\/posts"}],"about":[{"href":"https:\/\/www.marinadellabella.it\/index.php?rest_route=\/wp\/v2\/types\/post"}],"author":[{"embeddable":true,"href":"https:\/\/www.marinadellabella.it\/index.php?rest_route=\/wp\/v2\/users\/1"}],"replies":[{"embeddable":true,"href":"https:\/\/www.marinadellabella.it\/index.php?rest_route=%2Fwp%2Fv2%2Fcomments&post=1054"}],"version-history":[{"count":60,"href":"https:\/\/www.marinadellabella.it\/index.php?rest_route=\/wp\/v2\/posts\/1054\/revisions"}],"predecessor-version":[{"id":4043,"href":"https:\/\/www.marinadellabella.it\/index.php?rest_route=\/wp\/v2\/posts\/1054\/revisions\/4043"}],"wp:attachment":[{"href":"https:\/\/www.marinadellabella.it\/index.php?rest_route=%2Fwp%2Fv2%2Fmedia&parent=1054"}],"wp:term":[{"taxonomy":"category","embeddable":true,"href":"https:\/\/www.marinadellabella.it\/index.php?rest_route=%2Fwp%2Fv2%2Fcategories&post=1054"},{"taxonomy":"post_tag","embeddable":true,"href":"https:\/\/www.marinadellabella.it\/index.php?rest_route=%2Fwp%2Fv2%2Ftags&post=1054"}],"curies":[{"name":"wp","href":"https:\/\/api.w.org\/{rel}","templated":true}]}}