{"id":1199,"date":"2011-07-10T09:51:58","date_gmt":"2011-07-10T08:51:58","guid":{"rendered":"http:\/\/www.marinadellabella.it\/?p=1199"},"modified":"2014-07-07T16:02:53","modified_gmt":"2014-07-07T15:02:53","slug":"simenon-e-trockij","status":"publish","type":"post","link":"https:\/\/www.marinadellabella.it\/?p=1199","title":{"rendered":"Simenon e Trockij"},"content":{"rendered":"<p style=\"text-align: justify;\"><a rel=\"attachment wp-att-1220\" href=\"https:\/\/www.marinadellabella.it\/?attachment_id=1220\"><img loading=\"lazy\" decoding=\"async\" class=\"alignleft size-full wp-image-1220\" title=\"Prinkipo\" src=\"https:\/\/www.marinadellabella.it\/wp-content\/uploads\/2011\/07\/Prinkipo2-e1310287844393.jpg\" alt=\"\" width=\"160\" height=\"213\" \/><\/a>Con sorpresa ho scoperto, attraverso un piccolo libro della casa editrice O\u00e8dipus uscito sette anni fa, un&#8217;intervista che Georges Simenon ha fatto nel 1933 a Lev Trockij, in esilio nell&#8217;isola di Prinkipo, in Turchia. Sono appena sessanta pagine ma piene di spunti, per met\u00e0 arricchite dalla postfazione &#8220;Immaginario e rivoluzione&#8221; scritta da Fabrizio Denunzio. Densa di intrecci sia con la scrittura maigretiana sia con la cultura francese ed europea (con Marx e Benjamin chiavi di volta per una reinterpretazione di Trockij), ha anche il merito di condensare nel titolo, con grande efficacia, la pi\u00f9 fertile evidenza di un incontro cos\u00ec particolare: la dimensione letteraria a confronto con quella storica.<\/p>\n<p style=\"text-align: justify;\">Rimangono ancora sconosciuti i motivi per cui Trockij decise di concedere un&#8217;intervista proprio a Simenon, ma si pu\u00f2 registrare, coincidenza o meno, che circa un mese dopo quell&#8217;incontro Trockij ottenne dal governo francese quel visto d&#8217;ingresso che gli permise di concludere il suo soggiorno in Turchia.<\/p>\n<p style=\"text-align: justify;\">Quanto alle domande (tre in tutto, e preventivamente concordate), riguardano i temi della razza, della dittatura e del progresso storico, di grande importanza nel &#8217;33. Ad esse Trockij fornisce risposte scritte e concluse che, rilette oggi, tornano attuali anche alla luce di tutti gli eventi successivi.<\/p>\n<p style=\"text-align: justify;\">Ad esempio, alla domanda se <em>&#8220;la questione razziale sar\u00e0 predominante nell&#8217;evoluzione che seguir\u00e0&#8221; <\/em>Trockij risponde che \u00e8 ben lungi dal pensarlo perch\u00e9 <em>&#8220;la razza \u00e8 elemento statico e passivo&#8221;<\/em>, e come tale incapace di <em>&#8220;determinare direttamente il movimento e lo sviluppo&#8221;<\/em>. In questo caso, pi\u00f9 che miopia politica riguardo allo sterminio degli ebrei che si consumer\u00e0 di l\u00ec a poco (e di cui non sapr\u00e0 mai, perch\u00e9 morir\u00e0 con il cranio sfondato da un sicario stalinista appena nel &#8217;40), personalmente vi ho letto la sua fiducia in una dimensione storica evoluta, e non bloccata in secche prestoriche o regredita in degenerazioni antropologiche. Certo, la barbarie del Novecento l&#8217;avrebbe poi smentito, ma proprio per una potenzialit\u00e0 involutiva che, spesso coincidente con sistemi totalitari, \u00e8\u00a0 sempre in agguato nella storia, oggi come in passato.<\/p>\n<p style=\"text-align: justify;\">Suggestive, infine, sono le poche pagine che introducono all&#8217;intervista. In esse Simenon lascia andare la penna come solo lui sa fare, descrivendo le atmosfere magiche di Istanbul e di Parigi in un rispecchiamento continuo: un breve esempio di internazionalismo letterario e, insieme, una riconferma dell&#8217;importanza dell&#8217;immaginario anche per la sua inscindibilit\u00e0 dalla storia.<\/p>\n","protected":false},"excerpt":{"rendered":"<p>Con sorpresa ho scoperto, attraverso un piccolo libro della casa editrice O\u00e8dipus uscito sette anni fa, un&#8217;intervista che Georges Simenon ha fatto nel 1933 a Lev Trockij, in esilio nell&#8217;isola di Prinkipo, in Turchia. Sono appena sessanta pagine ma piene &hellip; <a href=\"https:\/\/www.marinadellabella.it\/?p=1199\">Continua a leggere<span class=\"meta-nav\">&rarr;<\/span><\/a><\/p>\n","protected":false},"author":1,"featured_media":0,"comment_status":"closed","ping_status":"open","sticky":false,"template":"","format":"standard","meta":{"footnotes":""},"categories":[13],"tags":[81,82],"class_list":["post-1199","post","type-post","status-publish","format-standard","hentry","category-letteratura","tag-georges-simenon","tag-lev-trockij"],"_links":{"self":[{"href":"https:\/\/www.marinadellabella.it\/index.php?rest_route=\/wp\/v2\/posts\/1199","targetHints":{"allow":["GET"]}}],"collection":[{"href":"https:\/\/www.marinadellabella.it\/index.php?rest_route=\/wp\/v2\/posts"}],"about":[{"href":"https:\/\/www.marinadellabella.it\/index.php?rest_route=\/wp\/v2\/types\/post"}],"author":[{"embeddable":true,"href":"https:\/\/www.marinadellabella.it\/index.php?rest_route=\/wp\/v2\/users\/1"}],"replies":[{"embeddable":true,"href":"https:\/\/www.marinadellabella.it\/index.php?rest_route=%2Fwp%2Fv2%2Fcomments&post=1199"}],"version-history":[{"count":29,"href":"https:\/\/www.marinadellabella.it\/index.php?rest_route=\/wp\/v2\/posts\/1199\/revisions"}],"predecessor-version":[{"id":1227,"href":"https:\/\/www.marinadellabella.it\/index.php?rest_route=\/wp\/v2\/posts\/1199\/revisions\/1227"}],"wp:attachment":[{"href":"https:\/\/www.marinadellabella.it\/index.php?rest_route=%2Fwp%2Fv2%2Fmedia&parent=1199"}],"wp:term":[{"taxonomy":"category","embeddable":true,"href":"https:\/\/www.marinadellabella.it\/index.php?rest_route=%2Fwp%2Fv2%2Fcategories&post=1199"},{"taxonomy":"post_tag","embeddable":true,"href":"https:\/\/www.marinadellabella.it\/index.php?rest_route=%2Fwp%2Fv2%2Ftags&post=1199"}],"curies":[{"name":"wp","href":"https:\/\/api.w.org\/{rel}","templated":true}]}}