{"id":1232,"date":"2011-07-13T20:16:45","date_gmt":"2011-07-13T19:16:45","guid":{"rendered":"http:\/\/www.marinadellabella.it\/?p=1232"},"modified":"2011-07-13T20:16:45","modified_gmt":"2011-07-13T19:16:45","slug":"luomo-che-abbraccio-gli-alberi","status":"publish","type":"post","link":"https:\/\/www.marinadellabella.it\/?p=1232","title":{"rendered":"L&#8217;uomo che abbracci\u00f2 gli alberi"},"content":{"rendered":"<p style=\"text-align: justify;\"><a rel=\"attachment wp-att-1239\" href=\"https:\/\/www.marinadellabella.it\/?attachment_id=1239\"><img loading=\"lazy\" decoding=\"async\" class=\"alignleft size-full wp-image-1239\" title=\"ulivi\" src=\"https:\/\/www.marinadellabella.it\/wp-content\/uploads\/2011\/07\/ulivi1-e1310375159434.jpg\" alt=\"\" width=\"200\" height=\"150\" \/><\/a>In un ritaglio conservato da un notiziario di Greenpeace ho trovato un breve testo di Jos\u00e9 Saramago. Vi racconta che suo nonno, pastore e contadino analfabeta, quando sent\u00ec vicina la fine, and\u00f2 ad abbracciare\u00a0 piangendo uno per uno tutti i suoi alberi, come fossero parte della famiglia. Un gesto senza parole, come del resto in vita sua mai aveva spiegato quale importanza avessero per lui quegli alberi.<\/p>\n<p style=\"text-align: justify;\">Saramago scrive:<em> &#8220;Nel fondo del suo cuore, forse mio nonno sapeva, di un sapere misterioso, difficile da esprimere con le parole, che la vita della terra e degli alberi \u00e8 una sola vita &#8230; (gli alberi) si nutrono direttamente dalla terra, perch\u00e9 l&#8217;afferrano con le loro radici e da essa sono afferrati. Terra e albero, ecco la simbiosi perfetta. Pu\u00f2 darsi che qualcuno pensi che ci sia troppo lirismo in queste parole. E&#8217; possibile, perch\u00e9, cos\u00ec come la terra e gli alberi, il sentimento e la ragione vanno sempre uniti&#8221;<\/em><\/p>\n<p style=\"text-align: justify;\">Leggere l&#8217;intero brano lascia senza parole esattamente come il nonno, perch\u00e9 il suo gesto sprigiona una tale forza da superare la grandezza letteraria con cui viene evocato e ancor pi\u00f9 qualsiasi inutile commento.<\/p>\n<p style=\"text-align: justify;\">\n","protected":false},"excerpt":{"rendered":"<p>In un ritaglio conservato da un notiziario di Greenpeace ho trovato un breve testo di Jos\u00e9 Saramago. Vi racconta che suo nonno, pastore e contadino analfabeta, quando sent\u00ec vicina la fine, and\u00f2 ad abbracciare\u00a0 piangendo uno per uno tutti i &hellip; <a href=\"https:\/\/www.marinadellabella.it\/?p=1232\">Continua a leggere<span class=\"meta-nav\">&rarr;<\/span><\/a><\/p>\n","protected":false},"author":1,"featured_media":0,"comment_status":"open","ping_status":"open","sticky":false,"template":"","format":"standard","meta":{"footnotes":""},"categories":[23,13],"tags":[83,84],"class_list":["post-1232","post","type-post","status-publish","format-standard","hentry","category-ambiente","category-letteratura","tag-alberi","tag-jose-saramago"],"_links":{"self":[{"href":"https:\/\/www.marinadellabella.it\/index.php?rest_route=\/wp\/v2\/posts\/1232","targetHints":{"allow":["GET"]}}],"collection":[{"href":"https:\/\/www.marinadellabella.it\/index.php?rest_route=\/wp\/v2\/posts"}],"about":[{"href":"https:\/\/www.marinadellabella.it\/index.php?rest_route=\/wp\/v2\/types\/post"}],"author":[{"embeddable":true,"href":"https:\/\/www.marinadellabella.it\/index.php?rest_route=\/wp\/v2\/users\/1"}],"replies":[{"embeddable":true,"href":"https:\/\/www.marinadellabella.it\/index.php?rest_route=%2Fwp%2Fv2%2Fcomments&post=1232"}],"version-history":[{"count":24,"href":"https:\/\/www.marinadellabella.it\/index.php?rest_route=\/wp\/v2\/posts\/1232\/revisions"}],"predecessor-version":[{"id":1258,"href":"https:\/\/www.marinadellabella.it\/index.php?rest_route=\/wp\/v2\/posts\/1232\/revisions\/1258"}],"wp:attachment":[{"href":"https:\/\/www.marinadellabella.it\/index.php?rest_route=%2Fwp%2Fv2%2Fmedia&parent=1232"}],"wp:term":[{"taxonomy":"category","embeddable":true,"href":"https:\/\/www.marinadellabella.it\/index.php?rest_route=%2Fwp%2Fv2%2Fcategories&post=1232"},{"taxonomy":"post_tag","embeddable":true,"href":"https:\/\/www.marinadellabella.it\/index.php?rest_route=%2Fwp%2Fv2%2Ftags&post=1232"}],"curies":[{"name":"wp","href":"https:\/\/api.w.org\/{rel}","templated":true}]}}