{"id":1259,"date":"2011-07-19T20:48:13","date_gmt":"2011-07-19T19:48:13","guid":{"rendered":"http:\/\/www.marinadellabella.it\/?p=1259"},"modified":"2011-07-19T20:48:13","modified_gmt":"2011-07-19T19:48:13","slug":"genova-19-luglio-2001-un-mondo-diverso-possibile","status":"publish","type":"post","link":"https:\/\/www.marinadellabella.it\/?p=1259","title":{"rendered":"Genova, 19 luglio 2001: un mondo diverso, possibile"},"content":{"rendered":"<p style=\"text-align: justify;\"><a rel=\"attachment wp-att-1273\" href=\"https:\/\/www.marinadellabella.it\/?attachment_id=1273\"><img loading=\"lazy\" decoding=\"async\" class=\"alignleft size-full wp-image-1273\" title=\"genova 2001 corteo migranti\" src=\"https:\/\/www.marinadellabella.it\/wp-content\/uploads\/2011\/07\/genova-2001-corteo-migranti-e1311104171893.jpg\" alt=\"\" width=\"230\" height=\"147\" \/><\/a>Ricordo quei giorni di luglio 2001 a Genova, straordinari e terribili, e insieme ripenso a questi dieci anni di grave crisi per l\u2019ambiente, la giustizia sociale e i diritti democratici, in Italia e nel mondo. Oggi, col senno di poi, mi dico che avevamo proprio ragione. Non si poteva n\u00e9 si potr\u00e0 mai consegnare il futuro del pianeta a pochi capi di stato, garanti della quotidiana rapina della maggior parte delle risorse mondiali ad opera di una minoranza\u00a0 privilegiata. Non si poteva n\u00e9 si potr\u00e0 mai avallare lo spreco indefinito di energie, ipotecando la vita della terra e delle specie. Non si poteva n\u00e9 si potr\u00e0 mai giustificare uno sviluppo malato che riduce a merce bruta ogni cosa, compresi gli esseri umani, le emozioni, i sentimenti. Non si poteva n\u00e9 si potr\u00e0 mai assolvere la barbarie planetaria delle multinazionali e delle guerre, delle speculazioni finanziarie e criminali. Non si poteva n\u00e9 si potr\u00e0 mai permettere che i beni comuni vengano sottratti alle collettivit\u00e0 per diventare propriet\u00e0 privata di pochi profittatori.<\/p>\n<p style=\"text-align: justify;\">Se questi contenuti, portati a Genova da migliaia di movimenti di varia estrazione e provenienza, erano validi allora, oggi lo sono anche di pi\u00f9. Di fronte alla crisi mondiale una nuova speranza si sta muovendo, a volte in profondit\u00e0 a volte pi\u00f9 in superficie, a latitudini differenti: dal nord Africa all&#8217;America Latina, dalla Spagna all\u2019Italia&#8230; Quello che serve, ancora come allora, \u00e8 collegare e unire individui e gruppi, dal piccolo al grande e viceversa, dal locale al globale e viceversa.<\/p>\n<p style=\"text-align: justify;\">Su Genova si fatica anche a scrivere, perch\u00e9 \u00e8 diventata sinonimo di un\u2019enorme ferita aperta. Soprattutto qui in Italia, dove la democrazia \u00e8 in blocco insieme a tutti i suoi apparati, politici e d\u2019ordine, cos\u00ec distanti dal paese reale e dai suoi bisogni sempre pi\u00f9 urgenti.<\/p>\n<p style=\"text-align: justify;\">Eppure tutto cominci\u00f2 con un enorme corteo pacifico. Era il 19 luglio, come oggi, e sfilavano i migranti: una marea umana di suoni e colori, una grande speranza, una bellissima danza di uguali&#8230;<\/p>\n<p style=\"text-align: justify;\">\n<p style=\"text-align: justify;\">\n<p style=\"text-align: justify;\">\n","protected":false},"excerpt":{"rendered":"<p>Ricordo quei giorni di luglio 2001 a Genova, straordinari e terribili, e insieme ripenso a questi dieci anni di grave crisi per l\u2019ambiente, la giustizia sociale e i diritti democratici, in Italia e nel mondo. Oggi, col senno di poi, &hellip; <a href=\"https:\/\/www.marinadellabella.it\/?p=1259\">Continua a leggere<span class=\"meta-nav\">&rarr;<\/span><\/a><\/p>\n","protected":false},"author":1,"featured_media":0,"comment_status":"open","ping_status":"open","sticky":false,"template":"","format":"standard","meta":{"footnotes":""},"categories":[10],"tags":[85,86],"class_list":["post-1259","post","type-post","status-publish","format-standard","hentry","category-politica","tag-g8","tag-genova-2001"],"_links":{"self":[{"href":"https:\/\/www.marinadellabella.it\/index.php?rest_route=\/wp\/v2\/posts\/1259","targetHints":{"allow":["GET"]}}],"collection":[{"href":"https:\/\/www.marinadellabella.it\/index.php?rest_route=\/wp\/v2\/posts"}],"about":[{"href":"https:\/\/www.marinadellabella.it\/index.php?rest_route=\/wp\/v2\/types\/post"}],"author":[{"embeddable":true,"href":"https:\/\/www.marinadellabella.it\/index.php?rest_route=\/wp\/v2\/users\/1"}],"replies":[{"embeddable":true,"href":"https:\/\/www.marinadellabella.it\/index.php?rest_route=%2Fwp%2Fv2%2Fcomments&post=1259"}],"version-history":[{"count":24,"href":"https:\/\/www.marinadellabella.it\/index.php?rest_route=\/wp\/v2\/posts\/1259\/revisions"}],"predecessor-version":[{"id":1284,"href":"https:\/\/www.marinadellabella.it\/index.php?rest_route=\/wp\/v2\/posts\/1259\/revisions\/1284"}],"wp:attachment":[{"href":"https:\/\/www.marinadellabella.it\/index.php?rest_route=%2Fwp%2Fv2%2Fmedia&parent=1259"}],"wp:term":[{"taxonomy":"category","embeddable":true,"href":"https:\/\/www.marinadellabella.it\/index.php?rest_route=%2Fwp%2Fv2%2Fcategories&post=1259"},{"taxonomy":"post_tag","embeddable":true,"href":"https:\/\/www.marinadellabella.it\/index.php?rest_route=%2Fwp%2Fv2%2Ftags&post=1259"}],"curies":[{"name":"wp","href":"https:\/\/api.w.org\/{rel}","templated":true}]}}