{"id":1360,"date":"2011-07-22T17:25:37","date_gmt":"2011-07-22T16:25:37","guid":{"rendered":"http:\/\/www.marinadellabella.it\/?p=1360"},"modified":"2011-07-22T17:25:37","modified_gmt":"2011-07-22T16:25:37","slug":"genova-22-luglio-2001-il-sipario-si-chiude-su-bolzaneto-e-altri-orrori","status":"publish","type":"post","link":"https:\/\/www.marinadellabella.it\/?p=1360","title":{"rendered":"Genova, 22 luglio 2001: il sipario si chiude, su Bolzaneto e altri orrori"},"content":{"rendered":"<p style=\"text-align: justify;\"><a rel=\"attachment wp-att-1371\" href=\"https:\/\/www.marinadellabella.it\/?attachment_id=1371\"><img loading=\"lazy\" decoding=\"async\" class=\"alignleft size-full wp-image-1371\" title=\"Comitato Verit\u00e0 e giustizia per Genova\" src=\"https:\/\/www.marinadellabella.it\/wp-content\/uploads\/2011\/07\/Comitato-Verit\u00e0-e-giustizia-per-Genova.jpg\" alt=\"\" width=\"82\" height=\"160\" \/><\/a>Ieri si diceva che il 21 luglio 2001 a Genova, nel corso della perquisizione alla scuola Pascoli, era sparita varia documentazione che avrebbe potuto provare le violenze sui  manifestanti verificatesi fino a quel giorno.<\/p>\n<p style=\"text-align: justify;\">Il giorno dopo, domenica 22, l&#8217;esperienza genovese dei movimenti anti-G8 si chiuse con un bilancio confuso: si tent\u00f2 di contare i feriti, i fermati e gli arrestati, in un clima di omert\u00e0, depistaggio e ostruzionismo. Nonostante tutto, molte aggressioni vennero alla luce attraverso testimonianze e documenti raccolti con ogni mezzo, audio e video, per fortuna scampati al sequestro e alla distruzione delle forze dell&#8217;ordine.<\/p>\n<p style=\"text-align: justify;\">Queste ultime, dal canto loro, diedero un&#8217;ulteriore dimostrazione di brutalit\u00e0 e devianza operativa anche all&#8217;interno della caserma di Bolzaneto, dove s&#8217;introducevano numerosi fermati e arrestati, in assenza di assistenza legale e di qualsiasi contatto con l&#8217;esterno, facendoli oggetto di sevizie fisiche e psicologiche. I dettagli riferiti, che qui si sceglie di non riportare per rispetto della dignit\u00e0 umana, rievocano l&#8217;incubo delle pi\u00f9 feroci dittature. Pure l&#8217;infermieria divenne teatro di comportamenti definibili &#8220;torture&#8221; se soltanto in Italia esistesse il reato di tortura. Che andrebbe introdotto in fretta, considerata la crescente impunit\u00e0 di chi per strada, nelle caserme e nelle carceri, invece di garantire l&#8217;incolumit\u00e0 di fermati e arrestati, sempre pi\u00f9 ne determina la morte con azioni violente e incontrollate.<\/p>\n<p style=\"text-align: justify;\">I manifestanti tradotti a Bolzaneto, come quelli della Diaz, furono poi scarcerati per insussistenza delle accuse, mentre molti dei torturatori vennero condannati in appello.<\/p>\n<p style=\"text-align: justify;\">Amnesty International definir\u00e0 l&#8217;orrore di Genova <em>&#8220;la pi\u00f9 grave sospensione dei diritti democratici in un paese occidentale dopo la seconda guerra mondiale&#8221;<\/em>.<\/p>\n<p style=\"text-align: justify;\">Eppure tutto era cominciato con un enorme corteo pacifico. Era il 19 luglio,  come quattro giorni fa, e sfilavano i migranti: una marea umana di suoni e colori,  una grande speranza, una bellissima danza di uguali&#8230;<\/p>\n","protected":false},"excerpt":{"rendered":"<p>Ieri si diceva che il 21 luglio 2001 a Genova, nel corso della perquisizione alla scuola Pascoli, era sparita varia documentazione che avrebbe potuto provare le violenze sui manifestanti verificatesi fino a quel giorno. Il giorno dopo, domenica 22, l&#8217;esperienza &hellip; <a href=\"https:\/\/www.marinadellabella.it\/?p=1360\">Continua a leggere<span class=\"meta-nav\">&rarr;<\/span><\/a><\/p>\n","protected":false},"author":1,"featured_media":0,"comment_status":"open","ping_status":"open","sticky":false,"template":"","format":"standard","meta":{"footnotes":""},"categories":[10],"tags":[89,85,86],"class_list":["post-1360","post","type-post","status-publish","format-standard","hentry","category-politica","tag-bolzaneto","tag-g8","tag-genova-2001"],"_links":{"self":[{"href":"https:\/\/www.marinadellabella.it\/index.php?rest_route=\/wp\/v2\/posts\/1360","targetHints":{"allow":["GET"]}}],"collection":[{"href":"https:\/\/www.marinadellabella.it\/index.php?rest_route=\/wp\/v2\/posts"}],"about":[{"href":"https:\/\/www.marinadellabella.it\/index.php?rest_route=\/wp\/v2\/types\/post"}],"author":[{"embeddable":true,"href":"https:\/\/www.marinadellabella.it\/index.php?rest_route=\/wp\/v2\/users\/1"}],"replies":[{"embeddable":true,"href":"https:\/\/www.marinadellabella.it\/index.php?rest_route=%2Fwp%2Fv2%2Fcomments&post=1360"}],"version-history":[{"count":38,"href":"https:\/\/www.marinadellabella.it\/index.php?rest_route=\/wp\/v2\/posts\/1360\/revisions"}],"predecessor-version":[{"id":1399,"href":"https:\/\/www.marinadellabella.it\/index.php?rest_route=\/wp\/v2\/posts\/1360\/revisions\/1399"}],"wp:attachment":[{"href":"https:\/\/www.marinadellabella.it\/index.php?rest_route=%2Fwp%2Fv2%2Fmedia&parent=1360"}],"wp:term":[{"taxonomy":"category","embeddable":true,"href":"https:\/\/www.marinadellabella.it\/index.php?rest_route=%2Fwp%2Fv2%2Fcategories&post=1360"},{"taxonomy":"post_tag","embeddable":true,"href":"https:\/\/www.marinadellabella.it\/index.php?rest_route=%2Fwp%2Fv2%2Ftags&post=1360"}],"curies":[{"name":"wp","href":"https:\/\/api.w.org\/{rel}","templated":true}]}}