{"id":1400,"date":"2011-07-31T17:08:15","date_gmt":"2011-07-31T16:08:15","guid":{"rendered":"http:\/\/www.marinadellabella.it\/?p=1400"},"modified":"2014-07-07T16:03:39","modified_gmt":"2014-07-07T15:03:39","slug":"trucchi-di-parole","status":"publish","type":"post","link":"https:\/\/www.marinadellabella.it\/?p=1400","title":{"rendered":"Trucchi di parole"},"content":{"rendered":"<p style=\"text-align: justify;\"><a rel=\"attachment wp-att-1449\" href=\"https:\/\/www.marinadellabella.it\/?attachment_id=1449\"><img loading=\"lazy\" decoding=\"async\" class=\"alignleft size-full wp-image-1449\" title=\"trucchi di parole\" src=\"https:\/\/www.marinadellabella.it\/wp-content\/uploads\/2011\/07\/trucchi-di-parole-e1312128276333.jpg\" alt=\"\" width=\"240\" height=\"183\" \/><\/a>Sulla tentazione di ignorare storie di basso profilo stavolta faccio prevalere la necessit\u00e0 di proteggere alcune parole e il loro senso abusato e rovesciato.<\/p>\n<p style=\"text-align: justify;\">In questo paese dove ormai tutto gira al contrario pu\u00f2 accadere che il maggiore partito non al governo, a cui dovrebbe spettare l&#8217;opposizione e la costruzione di un futuro politico onesto e sinceramente democratico, si ritrovi in mezzo a illeciti e tangenti. Non \u00e8 la prima volta.<\/p>\n<p style=\"text-align: justify;\">Pu\u00f2 anche accadere che, poco dopo una autorizzazione a procedere negata nei confronti di un suo senatore (che rimane dov&#8217;\u00e8 senza battere ciglio) e a ridosso di varie altre recenti accuse, il suo massimo rappresentante si rivolga alla stampa minacciando querele.\u00a0 Non si assume, cio\u00e8, la responsabilit\u00e0 e l&#8217;impegno di verificare internamente il comportamento di suoi esponenti di spicco e di risanare ci\u00f2 che va risanato, negando cos\u00ec per l&#8217;ennesima volta la necessit\u00e0 di mettere al centro la questione morale. Non solo, dice pi\u00f9 o meno &#8220;Perch\u00e9 solo a noi? Guardate cosa fanno gli altri&#8221;, usando la stessa argomentazione che userebbe un bambino.<\/p>\n<p style=\"text-align: justify;\">Dulcis in fundo, ipotizza una &#8220;class action&#8221; a tutela dell&#8217;immagine del partito e dei suoi iscritti, superando ogni limite del dicibile per la leggerezza con cui, in un&#8217;occasione impropria e immeritevole, invoca uno strumento civilmente evoluto come l&#8217;azione collettiva. Questa, semmai, dovrebbe essere pretesa da quanti, tra i suoi iscritti, mai sono stati coinvolti in indagini giudiziarie. O addirittura da tutti i cittadini, qualora dovessero confermarsi i vari reati ipotizzati. In quest&#8217;ultimo caso, infatti, davvero risulterebbe colpito un interesse collettivo, per il semplice fatto che gli illeciti in questione riguardano un contesto pubblico e l&#8217;esercizio di funzioni pubbliche.<\/p>\n<p style=\"text-align: justify;\">L&#8217;episodio manifesta, insieme al palese rovesciamento di ogni regola di buon senso, l&#8217;incapacit\u00e0 assoluta di scendere dal piedistallo della politica al di sopra dei cittadini per rimboccarsi le maniche e ricominciare da una posizione di servizio e di trasparenza totale.<\/p>\n<p style=\"text-align: justify;\">Per tornare poi al suo aspetto strettamente comunicativo, n\u00e8 il ridicolo n\u00e8 la provocazione sono categorie utili a spiegarlo, anche se l&#8217;effetto che ne deriva oscilla pericolosamente dall&#8217;uno all&#8217;altra: probabile che si tratti di una reazione, nemmeno a caldo ma meditata, e dunque pi\u00f9 profondamente connotata, di fronte alla lesa maest\u00e0 propria e dell&#8217;oligarchia rappresentata.<\/p>\n<p style=\"text-align: justify;\">Per concludere sul senso abusato e rovesciato delle parole, un post come questo pu\u00f2 essere accusato, ad esempio, di &#8220;antipolitica&#8221;: brutto neologismo inventato chiss\u00e0 da chi, esso unisce molti esponenti e difensori della attuale e prevalente cattiva politica nel tentativo di liquidare velocemente tutti quelli che desiderano una buona e nuova politica. In altri termini, il primato della politica sarebbe il loro, quello dell&#8217;antipolitica (qualunquista, dilettantesca, e chi pi\u00f9 ne ha pi\u00f9 ne metta) di tutti gli altri.<\/p>\n<p style=\"text-align: justify;\">Prima si erano inventati l&#8217;aggettivo &#8220;radicale&#8221; da aggiungere alla sinistra per distinguere i sinistri e basta (buoni) e i sinistri radicali (cattivi). Ora che un altro fronte di dissenso attivo va crescendo, s&#8217;inventano che \u00e8 &#8220;antipolitico&#8221;. Siccome modificare la realt\u00e0 richiede capacit\u00e0 e impegno, preferiscono faticare poco intervenendo sulle parole: o se le inventano o, come nel caso della &#8220;class action&#8221;, ne forzano vergognosamente il senso.<\/p>\n<p style=\"text-align: justify;\">\n","protected":false},"excerpt":{"rendered":"<p>Sulla tentazione di ignorare storie di basso profilo stavolta faccio prevalere la necessit\u00e0 di proteggere alcune parole e il loro senso abusato e rovesciato. In questo paese dove ormai tutto gira al contrario pu\u00f2 accadere che il maggiore partito non &hellip; <a href=\"https:\/\/www.marinadellabella.it\/?p=1400\">Continua a leggere<span class=\"meta-nav\">&rarr;<\/span><\/a><\/p>\n","protected":false},"author":1,"featured_media":0,"comment_status":"closed","ping_status":"open","sticky":false,"template":"","format":"standard","meta":{"footnotes":""},"categories":[10],"tags":[91,90,92],"class_list":["post-1400","post","type-post","status-publish","format-standard","hentry","category-politica","tag-antipolitica","tag-class-action","tag-sinistra-radicale"],"_links":{"self":[{"href":"https:\/\/www.marinadellabella.it\/index.php?rest_route=\/wp\/v2\/posts\/1400","targetHints":{"allow":["GET"]}}],"collection":[{"href":"https:\/\/www.marinadellabella.it\/index.php?rest_route=\/wp\/v2\/posts"}],"about":[{"href":"https:\/\/www.marinadellabella.it\/index.php?rest_route=\/wp\/v2\/types\/post"}],"author":[{"embeddable":true,"href":"https:\/\/www.marinadellabella.it\/index.php?rest_route=\/wp\/v2\/users\/1"}],"replies":[{"embeddable":true,"href":"https:\/\/www.marinadellabella.it\/index.php?rest_route=%2Fwp%2Fv2%2Fcomments&post=1400"}],"version-history":[{"count":57,"href":"https:\/\/www.marinadellabella.it\/index.php?rest_route=\/wp\/v2\/posts\/1400\/revisions"}],"predecessor-version":[{"id":1456,"href":"https:\/\/www.marinadellabella.it\/index.php?rest_route=\/wp\/v2\/posts\/1400\/revisions\/1456"}],"wp:attachment":[{"href":"https:\/\/www.marinadellabella.it\/index.php?rest_route=%2Fwp%2Fv2%2Fmedia&parent=1400"}],"wp:term":[{"taxonomy":"category","embeddable":true,"href":"https:\/\/www.marinadellabella.it\/index.php?rest_route=%2Fwp%2Fv2%2Fcategories&post=1400"},{"taxonomy":"post_tag","embeddable":true,"href":"https:\/\/www.marinadellabella.it\/index.php?rest_route=%2Fwp%2Fv2%2Ftags&post=1400"}],"curies":[{"name":"wp","href":"https:\/\/api.w.org\/{rel}","templated":true}]}}