{"id":1458,"date":"2011-08-02T17:07:44","date_gmt":"2011-08-02T16:07:44","guid":{"rendered":"http:\/\/www.marinadellabella.it\/?p=1458"},"modified":"2014-01-27T08:47:52","modified_gmt":"2014-01-27T07:47:52","slug":"il-due-agosto-di-lidia","status":"publish","type":"post","link":"https:\/\/www.marinadellabella.it\/?p=1458","title":{"rendered":"Il due agosto di Lidia"},"content":{"rendered":"<p style=\"text-align: justify;\"><a href=\"https:\/\/www.marinadellabella.it\/?attachment_id=1502\" rel=\"attachment wp-att-1502\"><img loading=\"lazy\" decoding=\"async\" class=\"alignleft size-thumbnail wp-image-1502\" title=\"Lidia Secci e Paolo Bolognesi\" alt=\"\" src=\"https:\/\/www.marinadellabella.it\/wp-content\/uploads\/2011\/08\/Lidia-Secci-e-Paolo-Bolognesi1-150x150.jpg\" width=\"150\" height=\"150\" \/><\/a>Un giorno come oggi di trentuno anni fa, alle dieci e venticinque, nella sala d&#8217;aspetto di seconda classe della stazione di Bologna scoppi\u00f2 una bomba che fece ottantacinque morti e oltre duecento feriti. Tra depistaggi di esponenti di servizi segreti e loggia P2 e condanna dei soli esecutori, appartenenti alla destra eversiva, ancora oggi non sappiamo i nomi dei mandanti. Sulla verit\u00e0 vera si sollevano ricorrenti cortine di fumo, piste palestinesi o azioni ritorsive di servizi segreti internazionali. E soprattutto si tengono gli scheletri ben chiusi negli armadi, con il segreto di stato che nega a tutti, compresi i parenti delle vittime di questa e di altre stragi, il diritto di sapere quello che c&#8217;\u00e8 da sapere.<\/p>\n<p style=\"text-align: justify;\">A Bologna mor\u00ec a ventiquattro anni un ragazzo di Terni, Sergio Secci. Laureato al Dams e ben avviato alla ricerca teatrale, aveva scritto un saggio sul gruppo americano Bread and Puppet e altri ne avrebbe scritti se solo non avesse perso, quel maledetto giorno, una coincidenza per Bolzano. Suo padre Torquato, studioso e collezionista di stampe della cascata delle Marmore, fond\u00f2 l&#8217;Associazione dei familiari delle vittime e si impegn\u00f2 per avere giustizia per ben quindici anni, praticamente finch\u00e9 ebbe vita. Oggi a Terni un nuovo teatro \u00e8 dedicato a Sergio e una lapide a Torquato, posta proprio di fronte alla cascata che amava.<\/p>\n<p style=\"text-align: justify;\">Racconto questa storia perch\u00e9 \u00e8 un esempio di come varie trame occulte abbiano deciso della vita e della morte di tante persone e delle loro famiglie. E poi perch\u00e9 ho la fortuna di avere conosciuto Lidia, madre di Sergio e moglie di Torquato, della famiglia Secci la sola rimasta: una donna forte e discreta, dignitosissima, risoluta nel tradurre il dolore e il ricordo in azioni positive per la citt\u00e0 in cui vive.<\/p>\n<p style=\"text-align: justify;\">Il due agosto di ogni anno io la cerco nelle foto della commemorazione ufficiale per essere sicura che sia ancora l\u00ec, a schiena dritta e con lo sguardo avanti come sempre.<\/p>\n<p style=\"text-align: justify;\">\n","protected":false},"excerpt":{"rendered":"<p>Un giorno come oggi di trentuno anni fa, alle dieci e venticinque, nella sala d&#8217;aspetto di seconda classe della stazione di Bologna scoppi\u00f2 una bomba che fece ottantacinque morti e oltre duecento feriti. Tra depistaggi di esponenti di servizi segreti &hellip; <a href=\"https:\/\/www.marinadellabella.it\/?p=1458\">Continua a leggere<span class=\"meta-nav\">&rarr;<\/span><\/a><\/p>\n","protected":false},"author":1,"featured_media":0,"comment_status":"open","ping_status":"open","sticky":false,"template":"","format":"standard","meta":{"footnotes":""},"categories":[1],"tags":[94,95,369,96],"class_list":["post-1458","post","type-post","status-publish","format-standard","hentry","category-uncategorized","tag-lidia-secci","tag-sergio-secci","tag-strage-di-bologna","tag-torquato-secci"],"_links":{"self":[{"href":"https:\/\/www.marinadellabella.it\/index.php?rest_route=\/wp\/v2\/posts\/1458","targetHints":{"allow":["GET"]}}],"collection":[{"href":"https:\/\/www.marinadellabella.it\/index.php?rest_route=\/wp\/v2\/posts"}],"about":[{"href":"https:\/\/www.marinadellabella.it\/index.php?rest_route=\/wp\/v2\/types\/post"}],"author":[{"embeddable":true,"href":"https:\/\/www.marinadellabella.it\/index.php?rest_route=\/wp\/v2\/users\/1"}],"replies":[{"embeddable":true,"href":"https:\/\/www.marinadellabella.it\/index.php?rest_route=%2Fwp%2Fv2%2Fcomments&post=1458"}],"version-history":[{"count":63,"href":"https:\/\/www.marinadellabella.it\/index.php?rest_route=\/wp\/v2\/posts\/1458\/revisions"}],"predecessor-version":[{"id":3628,"href":"https:\/\/www.marinadellabella.it\/index.php?rest_route=\/wp\/v2\/posts\/1458\/revisions\/3628"}],"wp:attachment":[{"href":"https:\/\/www.marinadellabella.it\/index.php?rest_route=%2Fwp%2Fv2%2Fmedia&parent=1458"}],"wp:term":[{"taxonomy":"category","embeddable":true,"href":"https:\/\/www.marinadellabella.it\/index.php?rest_route=%2Fwp%2Fv2%2Fcategories&post=1458"},{"taxonomy":"post_tag","embeddable":true,"href":"https:\/\/www.marinadellabella.it\/index.php?rest_route=%2Fwp%2Fv2%2Ftags&post=1458"}],"curies":[{"name":"wp","href":"https:\/\/api.w.org\/{rel}","templated":true}]}}