{"id":1568,"date":"2011-08-12T18:11:17","date_gmt":"2011-08-12T17:11:17","guid":{"rendered":"http:\/\/www.marinadellabella.it\/?p=1568"},"modified":"2011-08-12T18:11:17","modified_gmt":"2011-08-12T17:11:17","slug":"il-topo-nel-gruviera","status":"publish","type":"post","link":"https:\/\/www.marinadellabella.it\/?p=1568","title":{"rendered":"Il topo nel gruviera"},"content":{"rendered":"<p style=\"text-align: justify;\"><a rel=\"attachment wp-att-1569\" href=\"https:\/\/www.marinadellabella.it\/?attachment_id=1569\"><img loading=\"lazy\" decoding=\"async\" class=\"alignleft size-full wp-image-1569\" title=\"topo nel gruviera\" src=\"https:\/\/www.marinadellabella.it\/wp-content\/uploads\/2011\/08\/topo-nel-gruviera.jpg\" alt=\"\" width=\"236\" height=\"213\" \/><\/a>La crisi economica globale \u00e8 ormai una realt\u00e0. Dipende da un modello di sviluppo sbagliato e da incapacit\u00e0 e disonest\u00e0 politiche locali, in Italia accumulatesi nel tempo fino a produrre un deficit spaventoso. Chi ha tentato in tutti i modi di occultare il disastro, operando a proprio favore con una scelleratezza senza limiti proprio perch\u00e9 ne era a conoscenza, oggi lo ammette descrivendolo come un destino ineluttabile, una catastrofe piombataci addosso all&#8217;improvviso. Nel governo c&#8217;\u00e8 chi dice che &#8220;in questi cinque giorni tutto \u00e8 cambiato, tutto \u00e8 precipitato&#8221;, come se un&#8217;apocalisse del genere possa prodursi in soli cinque giorni. C&#8217;\u00e8 anche chi dice, con un linguaggio metaforico che di solito non gli \u00e8 proprio, che &#8220;la realt\u00e0 \u00e8 venuta a trovarci&#8221;. Viene da dire: o dai tempi di &#8220;ce l&#8217;ho duro&#8221; questo personaggio ha letto molto oppure \u00e8 stato colto da una folgorazione momentanea, da una manifestazione improvvisa del soprannaturale. Intanto qualcuno dell&#8217;opposizione dichiara che al governo non deve tremare il polso, e infatti non gli trema proprio mentre snocciola una lista di minacce: modifica della Costituzione (la tentazione di toccarla c&#8217;\u00e8 sempre, e qualche scusa per farlo va trovata), taglio degli stipendi, licenziamenti. Invece dovrebbe tremargli il polso, eccome, a far pagare il prezzo della crisi a chi non ne ha colpa, preservandosi. E magari preservando, per antico spirito di casta, anche chi ha governato in passato ma oggi non se ne ricorda pi\u00f9.<\/p>\n<p style=\"text-align: justify;\">A sentire le notizie che circolano in questi giorni l&#8217;impressione \u00e8 che tutti questi signori in pubblico si scambino battute da bar, mentre nel retrobottega hanno gi\u00e0 iniziato la bagarre per chi dovr\u00e0 diventare il grande liquidatore dell&#8217;azienda Italia ormai in fallimento. Con tutti i vantaggi che questo comporta: cessioni e privatizzazioni non certo per risanare ma per svendere in fretta e a basso costo quel poco che c&#8217;\u00e8 rimasto, garantendo ai soliti noti l&#8217;ultimo bottino.<\/p>\n<p style=\"text-align: justify;\">Nel frattempo, in un afflato da unit\u00e0 nazionale, governo e opposizione consumeranno l&#8217;ennesimo attacco a ci\u00f2 che resta dello stato sociale e a una possibile ripresa dal basso. Ripetendosi che \u00e8 il senso di responsabilit\u00e0 che li unisce e ripetendoci che si tratta di un sacrificio, il loro, necessario. Come del resto i nostri, passati presenti e futuri, mentre il topo rester\u00e0 nel gruviera fino a farci l&#8217;ultimo buco.<\/p>\n","protected":false},"excerpt":{"rendered":"<p>La crisi economica globale \u00e8 ormai una realt\u00e0. Dipende da un modello di sviluppo sbagliato e da incapacit\u00e0 e disonest\u00e0 politiche locali, in Italia accumulatesi nel tempo fino a produrre un deficit spaventoso. Chi ha tentato in tutti i modi &hellip; <a href=\"https:\/\/www.marinadellabella.it\/?p=1568\">Continua a leggere<span class=\"meta-nav\">&rarr;<\/span><\/a><\/p>\n","protected":false},"author":1,"featured_media":0,"comment_status":"closed","ping_status":"closed","sticky":false,"template":"","format":"standard","meta":{"footnotes":""},"categories":[10],"tags":[364],"class_list":["post-1568","post","type-post","status-publish","format-standard","hentry","category-politica","tag-crisi-economica"],"_links":{"self":[{"href":"https:\/\/www.marinadellabella.it\/index.php?rest_route=\/wp\/v2\/posts\/1568","targetHints":{"allow":["GET"]}}],"collection":[{"href":"https:\/\/www.marinadellabella.it\/index.php?rest_route=\/wp\/v2\/posts"}],"about":[{"href":"https:\/\/www.marinadellabella.it\/index.php?rest_route=\/wp\/v2\/types\/post"}],"author":[{"embeddable":true,"href":"https:\/\/www.marinadellabella.it\/index.php?rest_route=\/wp\/v2\/users\/1"}],"replies":[{"embeddable":true,"href":"https:\/\/www.marinadellabella.it\/index.php?rest_route=%2Fwp%2Fv2%2Fcomments&post=1568"}],"version-history":[{"count":82,"href":"https:\/\/www.marinadellabella.it\/index.php?rest_route=\/wp\/v2\/posts\/1568\/revisions"}],"predecessor-version":[{"id":1651,"href":"https:\/\/www.marinadellabella.it\/index.php?rest_route=\/wp\/v2\/posts\/1568\/revisions\/1651"}],"wp:attachment":[{"href":"https:\/\/www.marinadellabella.it\/index.php?rest_route=%2Fwp%2Fv2%2Fmedia&parent=1568"}],"wp:term":[{"taxonomy":"category","embeddable":true,"href":"https:\/\/www.marinadellabella.it\/index.php?rest_route=%2Fwp%2Fv2%2Fcategories&post=1568"},{"taxonomy":"post_tag","embeddable":true,"href":"https:\/\/www.marinadellabella.it\/index.php?rest_route=%2Fwp%2Fv2%2Ftags&post=1568"}],"curies":[{"name":"wp","href":"https:\/\/api.w.org\/{rel}","templated":true}]}}