{"id":1652,"date":"2011-08-18T17:41:31","date_gmt":"2011-08-18T16:41:31","guid":{"rendered":"http:\/\/www.marinadellabella.it\/?p=1652"},"modified":"2014-01-27T08:46:28","modified_gmt":"2014-01-27T07:46:28","slug":"combinato-disposto","status":"publish","type":"post","link":"https:\/\/www.marinadellabella.it\/?p=1652","title":{"rendered":"Combinato disposto"},"content":{"rendered":"<p style=\"text-align: justify;\"><a href=\"https:\/\/www.marinadellabella.it\/?attachment_id=1664\" rel=\"attachment wp-att-1664\"><img loading=\"lazy\" decoding=\"async\" class=\"alignleft size-full wp-image-1664\" title=\"P2\" alt=\"\" src=\"https:\/\/www.marinadellabella.it\/wp-content\/uploads\/2011\/08\/P2-e1313686298204.gif\" width=\"180\" height=\"208\" \/><\/a>La &#8220;manovra di ferragosto&#8221; \u00e8 stata concepita dai manovratori in un lampo, e pubblicata al culmine dell&#8217;estate, esattamente nel momento di minore attenzione da parte dei cittadini. Prevede una serie di tagli che, se confermati per quello che sono, non potranno che aggravare la crisi di questo paese, economica e non solo. Non si tratta infatti di un vero programma di risanamento, efficace ed equo come l&#8217;urgenza di intervenire e il contesto sociale richiederebbero. Sembra piuttosto un collage dell&#8217;ultimo minuto, senza logica alcuna se non quella di colpire le persone pi\u00f9 oneste e quelle pi\u00f9 in difficolt\u00e0, insieme ad alcuni valori fondanti di questo paese.<\/p>\n<p style=\"text-align: justify;\">Come funzioner\u00e0 \u00e8 presto detto: ridurr\u00e0 drasticamente ogni possibilit\u00e0 di ripresa, perch\u00e9 toglier\u00e0 ai tanti che hanno gi\u00e0 poco (e che costituiscono un tessuto sano e collaborativo), salvaguardando invece i pochi che hanno molto e che allo Stato chiedono, senza dare nulla in cambio, soltanto di poter accumulare ricchezze (facili, deregolamentate, defiscalizzate, spesso anche illecite, magari per portarle altrove).<\/p>\n<p style=\"text-align: justify;\">Alla dichiarata riduzione dei costi della politica corrispondono invece interventi di facciata, perch\u00e9 si prefigura gi\u00e0 qualche scappatoia che ne rimander\u00e0, o addirittura vanificher\u00e0, anche i minimi benefici promessi.<\/p>\n<p style=\"text-align: justify;\">Nella manovra c&#8217;\u00e8 inoltre di peggio, stavolta sul fronte dei diritti e dei valori civili: ad esempio l&#8217;accerchiamento e il conseguente svuotamento dell&#8217;art. 18 dello Statuto del lavoratori, come anche l&#8217;obbligo di posticipare al luned\u00ec le ricorrenze del 25 aprile (anniversario della Liberazione dal nazifascismo), del primo maggio (festa dei lavoratori) e del 2 giugno (festa della Repubblica), se capitano in un giorno non domenicale o infrasettimanale.<\/p>\n<p style=\"text-align: justify;\">Come si fa, di fronte a un provvedimento fatto di articoli cos\u00ec apparentemente scollegati fra loro, a non suggerirne invece un&#8217;interpretazione, magari in combinato disposto, che risulti coerente, sintetica e chiara? Potrebbe essere, ad esempio: Piano di rinascita, golpista e piduista?<\/p>\n<p style=\"text-align: justify;\">\n","protected":false},"excerpt":{"rendered":"<p>La &#8220;manovra di ferragosto&#8221; \u00e8 stata concepita dai manovratori in un lampo, e pubblicata al culmine dell&#8217;estate, esattamente nel momento di minore attenzione da parte dei cittadini. Prevede una serie di tagli che, se confermati per quello che sono, non &hellip; <a href=\"https:\/\/www.marinadellabella.it\/?p=1652\">Continua a leggere<span class=\"meta-nav\">&rarr;<\/span><\/a><\/p>\n","protected":false},"author":1,"featured_media":0,"comment_status":"open","ping_status":"open","sticky":false,"template":"","format":"standard","meta":{"footnotes":""},"categories":[10],"tags":[364,98],"class_list":["post-1652","post","type-post","status-publish","format-standard","hentry","category-politica","tag-crisi-economica","tag-p2"],"_links":{"self":[{"href":"https:\/\/www.marinadellabella.it\/index.php?rest_route=\/wp\/v2\/posts\/1652","targetHints":{"allow":["GET"]}}],"collection":[{"href":"https:\/\/www.marinadellabella.it\/index.php?rest_route=\/wp\/v2\/posts"}],"about":[{"href":"https:\/\/www.marinadellabella.it\/index.php?rest_route=\/wp\/v2\/types\/post"}],"author":[{"embeddable":true,"href":"https:\/\/www.marinadellabella.it\/index.php?rest_route=\/wp\/v2\/users\/1"}],"replies":[{"embeddable":true,"href":"https:\/\/www.marinadellabella.it\/index.php?rest_route=%2Fwp%2Fv2%2Fcomments&post=1652"}],"version-history":[{"count":53,"href":"https:\/\/www.marinadellabella.it\/index.php?rest_route=\/wp\/v2\/posts\/1652\/revisions"}],"predecessor-version":[{"id":3627,"href":"https:\/\/www.marinadellabella.it\/index.php?rest_route=\/wp\/v2\/posts\/1652\/revisions\/3627"}],"wp:attachment":[{"href":"https:\/\/www.marinadellabella.it\/index.php?rest_route=%2Fwp%2Fv2%2Fmedia&parent=1652"}],"wp:term":[{"taxonomy":"category","embeddable":true,"href":"https:\/\/www.marinadellabella.it\/index.php?rest_route=%2Fwp%2Fv2%2Fcategories&post=1652"},{"taxonomy":"post_tag","embeddable":true,"href":"https:\/\/www.marinadellabella.it\/index.php?rest_route=%2Fwp%2Fv2%2Ftags&post=1652"}],"curies":[{"name":"wp","href":"https:\/\/api.w.org\/{rel}","templated":true}]}}