{"id":1831,"date":"2011-10-13T20:41:40","date_gmt":"2011-10-13T19:41:40","guid":{"rendered":"http:\/\/www.marinadellabella.it\/?p=1831"},"modified":"2011-10-13T20:51:21","modified_gmt":"2011-10-13T19:51:21","slug":"appello","status":"publish","type":"post","link":"https:\/\/www.marinadellabella.it\/?p=1831","title":{"rendered":"APPELLO"},"content":{"rendered":"<p style=\"text-align: justify;\"><strong> <\/strong><strong><a rel=\"attachment wp-att-1839\" href=\"https:\/\/www.marinadellabella.it\/?attachment_id=1839\"><img loading=\"lazy\" decoding=\"async\" class=\"alignleft size-full wp-image-1839\" title=\"15 ottobre\" src=\"https:\/\/www.marinadellabella.it\/wp-content\/uploads\/2011\/10\/15-ottobre-3.png\" alt=\"\" width=\"250\" height=\"189\" \/><\/a>IL 15 OTTOBRE SAR\u00c0 UNA GIORNATA EUROPEA E INTERNAZIONALE DI MOBILITAZIONE<\/strong><br \/>\n<em> <\/em><\/p>\n<p style=\"text-align: justify;\"><em>Gli esseri umani prima dei profitti. Non siamo merce nelle mani di politici e banchieri. C<\/em><em>hi pretende di governarci non ci rappresenta. L&#8217;alternativa c\u2019\u00e8 ed \u00e8 nelle nostre mani: democrazia reale ora!\u201d<\/em><\/p>\n<p style=\"text-align: justify;\">Commissione Europea, governi europei, Banca Centrale Europea, Fondo  Monetario Internazionale,\u00a0 multinazionali e poteri forti ci presentano  come dogmi intoccabili il pagamento del debito, il pareggio del bilancio  pubblico, gli interessi dei mercati finanziari, le privatizzazioni, i  tagli alla spesa, la precarizzazione del lavoro e della vita.<\/p>\n<p style=\"text-align: justify;\">Sono ricette inique e sbagliate, utili a  difendere rendite e privilegi, e renderci tutti schiavi. Distruggono il  lavoro e i suoi diritti, i sindacati, il contratto nazionale, le  pensioni, l\u2019istruzione, la cultura, i beni comuni, il territorio, la  societ\u00e0 e le comunit\u00e0, tutti i diritti garantiti dalla nostra  Costituzione. Opprimono il presente di una popolazione sempre pi\u00f9  impoverita, negano il futuro ai giovani.<\/p>\n<p style=\"text-align: justify;\">Non \u00e8 vero che siano scelte obbligate. Noi  le rifiutiamo. Qualunque schieramento politico le voglia imporre, avr\u00e0  come unico effetto un\u2019ulteriore devastazione sociale, ambientale,  democratica. Ci sono altre strade, e quelle vogliamo percorrere,  riprendendoci pienamente il nostro potere di cittadinanza che \u00e8  fondamento di qualunque democrazia reale.<\/p>\n<p style=\"text-align: justify;\">Non vogliamo fare un passo di pi\u00f9 verso il  baratro in cui l\u2019Europa e l\u2019Italia si stanno dirigendo e che la manovra  del Governo, cos\u00ec come le politiche economiche europee, continuano ad  avvicinare.<br \/>\nVogliamo una vera alternativa di sistema. Si deve uscire dalla crisi con il cambiamento e l\u2019innovazione. Le risorse ci sono.<\/p>\n<p style=\"text-align: justify;\">Si deve investire sulla riconversione  ecologica, la giustizia sociale, l\u2019altra economia, sui saperi, la  cultura, il territorio, la partecipazione. Si deve redistribuire  radicalmente la ricchezza. Vogliamo ripartire dal risultato dei  referendum del 12 e 13 giugno, per restituire alle comunit\u00e0 i beni  comuni ed il loro diritto alla partecipazione. Si devono recuperare  risorse dal taglio delle spese militari. Si deve smettere di fare le  guerre e bisogna accogliere i migranti.<\/p>\n<p style=\"text-align: justify;\">Le alternative vanno conquistate, insieme.  In Europa, in Italia, nel Mediterraneo, nel mondo. In tanti e tante,  diversi e diverse, uniti. E\u2019 il solo modo per vincere.<\/p>\n<p style=\"text-align: justify;\">Il Coordinamento 15 ottobre, luogo  di convergenza organizzativa dei soggetti sociali impegnati, invita  tutti e tutte a preparare la mobilitazione e a essere in piazza a Roma,  riempiendo la manifestazione con i propri appelli, con i propri  contenuti, con le proprie lotte e proposte.<strong><br \/>\n<\/strong><\/p>\n<p style=\"text-align: justify;\"><strong>PER LA NOSTRA DIGNIT\u00c0 E PER CAMBIARE DAVVERO<\/strong><\/p>\n<p style=\"text-align: justify;\"><em><a href=\"http:\/\/15ottobre.wordpress.com\/coordinamento-15-ottobre\/\">COORDINAMENTO 15 OTTOBRE<\/a><\/em><\/p>\n","protected":false},"excerpt":{"rendered":"<p>IL 15 OTTOBRE SAR\u00c0 UNA GIORNATA EUROPEA E INTERNAZIONALE DI MOBILITAZIONE Gli esseri umani prima dei profitti. Non siamo merce nelle mani di politici e banchieri. Chi pretende di governarci non ci rappresenta. L&#8217;alternativa c\u2019\u00e8 ed \u00e8 nelle nostre mani: &hellip; <a href=\"https:\/\/www.marinadellabella.it\/?p=1831\">Continua a leggere<span class=\"meta-nav\">&rarr;<\/span><\/a><\/p>\n","protected":false},"author":1,"featured_media":0,"comment_status":"open","ping_status":"open","sticky":false,"template":"","format":"standard","meta":{"footnotes":""},"categories":[10],"tags":[],"class_list":["post-1831","post","type-post","status-publish","format-standard","hentry","category-politica"],"_links":{"self":[{"href":"https:\/\/www.marinadellabella.it\/index.php?rest_route=\/wp\/v2\/posts\/1831","targetHints":{"allow":["GET"]}}],"collection":[{"href":"https:\/\/www.marinadellabella.it\/index.php?rest_route=\/wp\/v2\/posts"}],"about":[{"href":"https:\/\/www.marinadellabella.it\/index.php?rest_route=\/wp\/v2\/types\/post"}],"author":[{"embeddable":true,"href":"https:\/\/www.marinadellabella.it\/index.php?rest_route=\/wp\/v2\/users\/1"}],"replies":[{"embeddable":true,"href":"https:\/\/www.marinadellabella.it\/index.php?rest_route=%2Fwp%2Fv2%2Fcomments&post=1831"}],"version-history":[{"count":7,"href":"https:\/\/www.marinadellabella.it\/index.php?rest_route=\/wp\/v2\/posts\/1831\/revisions"}],"predecessor-version":[{"id":1837,"href":"https:\/\/www.marinadellabella.it\/index.php?rest_route=\/wp\/v2\/posts\/1831\/revisions\/1837"}],"wp:attachment":[{"href":"https:\/\/www.marinadellabella.it\/index.php?rest_route=%2Fwp%2Fv2%2Fmedia&parent=1831"}],"wp:term":[{"taxonomy":"category","embeddable":true,"href":"https:\/\/www.marinadellabella.it\/index.php?rest_route=%2Fwp%2Fv2%2Fcategories&post=1831"},{"taxonomy":"post_tag","embeddable":true,"href":"https:\/\/www.marinadellabella.it\/index.php?rest_route=%2Fwp%2Fv2%2Ftags&post=1831"}],"curies":[{"name":"wp","href":"https:\/\/api.w.org\/{rel}","templated":true}]}}