{"id":1844,"date":"2011-10-15T12:54:33","date_gmt":"2011-10-15T11:54:33","guid":{"rendered":"http:\/\/www.marinadellabella.it\/?p=1844"},"modified":"2011-10-15T12:54:33","modified_gmt":"2011-10-15T11:54:33","slug":"globalchange","status":"publish","type":"post","link":"https:\/\/www.marinadellabella.it\/?p=1844","title":{"rendered":"#GLOBALCHANGE"},"content":{"rendered":"<p style=\"text-align: justify;\"><a rel=\"attachment wp-att-1845\" href=\"https:\/\/www.marinadellabella.it\/?attachment_id=1845\"><img loading=\"lazy\" decoding=\"async\" class=\"alignleft size-full wp-image-1845\" title=\"#globalchange\" src=\"https:\/\/www.marinadellabella.it\/wp-content\/uploads\/2011\/10\/globalchange-e1318678947148.png\" alt=\"\" width=\"200\" height=\"200\" \/><\/a>Oggi  <a href=\"http:\/\/15october.net\/it\">15 ottobre<\/a> tanti sono in marcia in tutto il mondo per  protestare contro chi ha procurato una terribile crisi economica e  ora intende farla pagare a chi non ne ha colpa. Dagli <a href=\"http:\/\/www.ilpost.it\/tag\/indignados\/\" target=\"_blank\"><\/a>Indignados spagnoli ai manifestanti greci fino agli occupanti di Wall Street si  va ripetendo lo stesso disconoscimento della politica, dell\u2019economia e  della finanza, responsabili del fallimento di un sistema di sviluppo  fortemente iniquo che sta spazzando via intere  generazioni, togliendo salute, ambiente, istruzione, cultura, lavoro,  risorse, democrazia e futuro, alimentando guerre e aggressioni,  controllando l\u2019informazione e impedendo l\u2019autodeterminazione delle  popolazioni e la difesa dei beni comuni.<\/p>\n<p style=\"text-align: justify;\">In  un gioco di scatole cinesi, la crisi italiana (con il suo regime e la  sua falsa opposizione, con la democrazia a pezzi, la militarizzazione  dei territori e la criminalizzazione  dei movimenti) \u00e8 dentro la crisi dell\u2019Europa che a sua volta \u00e8 dentro  la crisi globale. Uscire da un incastro micidiale come questo con le  proprie forze pu\u00f2 sembrare impossibile, ma \u00e8 ancora pi\u00f9 impossibile che  un aiuto possa venirci proprio da chi ci ha ridotto  cos\u00ec. Anzi, la storia insegna che quando l\u2019imbuto si stringe le \u00e9lites  diventano ancora pi\u00f9 rapaci. Ora poi \u00e8 anche peggio, perch\u00e9 non si tratta certo  di ridistribuire le risorse rimaste ma di coprire un debito  stratosferico, che metterebbe in ginocchio paesi interi, impedendo loro sia di risollevarsi sia di mantenere la propria  sovranit\u00e0.<\/p>\n<p style=\"text-align: justify;\">Anche  per questo si stanno elaborando analisi e possibili vie d\u2019uscita in  modo del tutto indipendente (es. il giornalista greco Aris Chatzistefanou, autore di <em>Debtocracy<\/em>,<em> <\/em>oppure<em> <\/em>l\u2019Islanda), fuori  dalle gerarchie centrali e periferiche  di un impero che guarda smemorato le sue macerie e finge strategie  salvifiche mentre ci presenta il conto. E se la sua ricetta forse  peggiore del male? Se pagare il debito significasse imboccare una strada  senza ritorno? Avere dubbi e prudenza \u00e8 solo questione  di buon senso.<\/p>\n<p style=\"text-align: justify;\">Per  il resto, speriamo che in questa giornata strade e piazze si riempiano  di nuovi linguaggi e nuove alleanze, di lucidit\u00e0 e autocontrollo, perch\u00e9  aggressivit\u00e0 e violenza che appartengono innanzitutto\u00a0 al sistema non siano emulate da chi  manifesta.<\/p>\n<p style=\"text-align: justify;\">Bisogna  essere altro, nelle idee come nei modi, oggi in piazza e poi  da domani nella vita di ciascuno, per un impegno concreto verso il  cambiamento: nelle associazioni e  nel volontariato, nei luoghi del lavoro e della crisi, in famiglia  e negli stili di consumo, nella coerenza di relazioni e scelte fuori da ogni potere e profitto.<\/p>\n","protected":false},"excerpt":{"rendered":"<p>Oggi 15 ottobre tanti sono in marcia in tutto il mondo per protestare contro chi ha procurato una terribile crisi economica e ora intende farla pagare a chi non ne ha colpa. Dagli Indignados spagnoli ai manifestanti greci fino agli &hellip; <a href=\"https:\/\/www.marinadellabella.it\/?p=1844\">Continua a leggere<span class=\"meta-nav\">&rarr;<\/span><\/a><\/p>\n","protected":false},"author":1,"featured_media":0,"comment_status":"open","ping_status":"open","sticky":false,"template":"","format":"standard","meta":{"footnotes":""},"categories":[10],"tags":[],"class_list":["post-1844","post","type-post","status-publish","format-standard","hentry","category-politica"],"_links":{"self":[{"href":"https:\/\/www.marinadellabella.it\/index.php?rest_route=\/wp\/v2\/posts\/1844","targetHints":{"allow":["GET"]}}],"collection":[{"href":"https:\/\/www.marinadellabella.it\/index.php?rest_route=\/wp\/v2\/posts"}],"about":[{"href":"https:\/\/www.marinadellabella.it\/index.php?rest_route=\/wp\/v2\/types\/post"}],"author":[{"embeddable":true,"href":"https:\/\/www.marinadellabella.it\/index.php?rest_route=\/wp\/v2\/users\/1"}],"replies":[{"embeddable":true,"href":"https:\/\/www.marinadellabella.it\/index.php?rest_route=%2Fwp%2Fv2%2Fcomments&post=1844"}],"version-history":[{"count":3,"href":"https:\/\/www.marinadellabella.it\/index.php?rest_route=\/wp\/v2\/posts\/1844\/revisions"}],"predecessor-version":[{"id":1848,"href":"https:\/\/www.marinadellabella.it\/index.php?rest_route=\/wp\/v2\/posts\/1844\/revisions\/1848"}],"wp:attachment":[{"href":"https:\/\/www.marinadellabella.it\/index.php?rest_route=%2Fwp%2Fv2%2Fmedia&parent=1844"}],"wp:term":[{"taxonomy":"category","embeddable":true,"href":"https:\/\/www.marinadellabella.it\/index.php?rest_route=%2Fwp%2Fv2%2Fcategories&post=1844"},{"taxonomy":"post_tag","embeddable":true,"href":"https:\/\/www.marinadellabella.it\/index.php?rest_route=%2Fwp%2Fv2%2Ftags&post=1844"}],"curies":[{"name":"wp","href":"https:\/\/api.w.org\/{rel}","templated":true}]}}