{"id":1880,"date":"2011-11-23T19:27:30","date_gmt":"2011-11-23T18:27:30","guid":{"rendered":"http:\/\/www.marinadellabella.it\/?p=1880"},"modified":"2014-07-07T16:03:57","modified_gmt":"2014-07-07T15:03:57","slug":"veteroblog","status":"publish","type":"post","link":"https:\/\/www.marinadellabella.it\/?p=1880","title":{"rendered":"Veteroblog"},"content":{"rendered":"<p style=\"text-align: justify;\"><a rel=\"attachment wp-att-1881\" href=\"https:\/\/www.marinadellabella.it\/?attachment_id=1881\"><img loading=\"lazy\" decoding=\"async\" class=\"alignleft size-thumbnail wp-image-1881\" title=\"blog\" src=\"https:\/\/www.marinadellabella.it\/wp-content\/uploads\/2011\/11\/blog-150x132.jpg\" alt=\"\" width=\"150\" height=\"132\" \/><\/a>Quando ho iniziato a gestire questo blog non sapevo n\u00e9 come  sarebbe stato di l\u00ec a poco n\u00e9 come sarebbe diventato nel  tempo. Forse sembrer\u00e0 strano, ma l\u2019ho ricevuto come dono di compleanno. Ho subito  pensato: invece di un regalo mi \u00e8 arrivata la fregatura di una  scatola vuota, e ora mi tocca pure riempirla.  Una sfida o una sfiga? Chiss\u00e0. Dopo appena\u00a0  un momento ero gi\u00e0 nel dopo, cio\u00e8 nell\u2019urgenza di dare  vita a un modo di comunicare che per me, per abitudine schiva,  sapeva di esibizione. Ho riflettuto molto sul narcisismo che pu\u00f2 esserci  dietro (e neppure tanto dietro, direi) a una forma  di esternazione come quella di un blog. Per la verit\u00e0 ancora ci  rifletto, ma alla domanda se si possa liberare dal  rispecchiamento la propria scrittura (come anche la scelta di immagini,  di video o di altre risorse di rete) non so ancora dare risposta.<\/p>\n<p style=\"text-align: justify;\">Per  tornare all\u2019inizio, non avevo una linea precisa, sapevo soltanto quello che non volevo fare. Ad esempio, non volevo parlare  della mia vita privata e lavorativa. Se l\u2019ho fatto nella biografia, \u00e8  stato semplicemente per far capire da quale orizzonte muovono certi miei  convincimenti, quali radici hanno. Non volevo ospitare chiacchiericci  inutili. In questo non ho corso rischi  perch\u00e9 il blog, anche se frequentato, ha raccolto finora pochi  commenti. Ancora mi chiedo perch\u00e9, e se lo chiedo agli altri a  volte mi sento rispondere che scriverebbero che sono d\u2019accordo ma  che poi gli sembra poco. Non volevo imparare  troppe cose tecniche. Confesso che un libro su WordPress me lo sono  letto ma me lo sono anche dimenticato. Questo spiega una certa rozzezza estetico-comunicativa, per cui  ad esempio l\u2019autore dei post si chiama sempre  Admin (e chi sar\u00e0 mai?), la grandezza delle immagini cambia a  seconda dell\u2019umore e delle riduzioni in scala (che puntualmente non azzecco) e i  ritocchi a pubblicazione avvenuta si lanciano nei canali di aggiornamento come folletti dispettosi. Ci\u00f2 in cui invece non transigo \u00e8 nel rispetto, contro ogni \u201csfrangiatura\u201d modernista, di un rigoroso  allineamento a destra. Anche se chi mi legge sa bene che non sono per  niente allineata, e men che meno a destra.<\/p>\n<p style=\"text-align: justify;\">Tornando  ai non volevo, non volevo correre dietro alle novit\u00e0, anzi. Parlare  di un libro o di un film considerato vecchio dal mercato e dai media  mi d\u00e0 una grande soddisfazione. Come scrivere post brevi, con link rari  o citazioni minime. Se non si fosse capito sono per la decrescita,  anche nella rete. E poi non volevo esibire virtuosismi classificatori, a suon di tag e categorie, evocando un c\u00f4t\u00e9 bibliotecario da erre moscia che di solito mi gela il sangue.<\/p>\n<p style=\"text-align: justify;\">Comunque, di fronte a quella scatola vuota che non riuscivo a  collocare bene n\u00e9 nello spazio (da dove mi veniva, dal mio  provider toscano o da dentro il biancoMac? mistero!) n\u00e9 nel mio tempo (da quando  ho il blog cucino meno), ho avuto per un attimo lo spauracchio da pagina bianca, quello che gli scrittori conoscono bene. Indovinate chi mi ha salvato? Marchionne. S\u00ec, proprio  lui, che non salverebbe nemmeno l\u2019ultimo esemplare della razza operaia rimasto  sulla terra per metterlo tra un dinosauro e la mummia di \u00d6tzi, tanto per fare mecenatismo museale. Ero cos\u00ec arrabbiata per l\u2019accordo di Mirafiori che il <a href=\"https:\/\/www.marinadellabella.it\/?p=12\"><span style=\"text-decoration: underline;\">primo post<\/span><\/a> \u00e8 nato cos\u00ec, accompagnato dalla Vincenzina di  Jannacci. Roba d\u2019altri tempi. Come quel post del resto, perch\u00e9 Marchionne  nel frattempo ha superato anche se stesso.<\/p>\n<p style=\"text-align: justify;\">Ecco, se proprio devo trovargli una definizione, il mio \u00e8 proprio un veteroblog. Uno strano, impertinente, irriducibile veteroblog.<\/p>\n","protected":false},"excerpt":{"rendered":"<p>Quando ho iniziato a gestire questo blog non sapevo n\u00e9 come sarebbe stato di l\u00ec a poco n\u00e9 come sarebbe diventato nel tempo. Forse sembrer\u00e0 strano, ma l\u2019ho ricevuto come dono di compleanno. Ho subito pensato: invece di un regalo &hellip; <a href=\"https:\/\/www.marinadellabella.it\/?p=1880\">Continua a leggere<span class=\"meta-nav\">&rarr;<\/span><\/a><\/p>\n","protected":false},"author":1,"featured_media":0,"comment_status":"closed","ping_status":"open","sticky":false,"template":"","format":"standard","meta":{"footnotes":""},"categories":[1],"tags":[104],"class_list":["post-1880","post","type-post","status-publish","format-standard","hentry","category-uncategorized","tag-blog"],"_links":{"self":[{"href":"https:\/\/www.marinadellabella.it\/index.php?rest_route=\/wp\/v2\/posts\/1880","targetHints":{"allow":["GET"]}}],"collection":[{"href":"https:\/\/www.marinadellabella.it\/index.php?rest_route=\/wp\/v2\/posts"}],"about":[{"href":"https:\/\/www.marinadellabella.it\/index.php?rest_route=\/wp\/v2\/types\/post"}],"author":[{"embeddable":true,"href":"https:\/\/www.marinadellabella.it\/index.php?rest_route=\/wp\/v2\/users\/1"}],"replies":[{"embeddable":true,"href":"https:\/\/www.marinadellabella.it\/index.php?rest_route=%2Fwp%2Fv2%2Fcomments&post=1880"}],"version-history":[{"count":9,"href":"https:\/\/www.marinadellabella.it\/index.php?rest_route=\/wp\/v2\/posts\/1880\/revisions"}],"predecessor-version":[{"id":1886,"href":"https:\/\/www.marinadellabella.it\/index.php?rest_route=\/wp\/v2\/posts\/1880\/revisions\/1886"}],"wp:attachment":[{"href":"https:\/\/www.marinadellabella.it\/index.php?rest_route=%2Fwp%2Fv2%2Fmedia&parent=1880"}],"wp:term":[{"taxonomy":"category","embeddable":true,"href":"https:\/\/www.marinadellabella.it\/index.php?rest_route=%2Fwp%2Fv2%2Fcategories&post=1880"},{"taxonomy":"post_tag","embeddable":true,"href":"https:\/\/www.marinadellabella.it\/index.php?rest_route=%2Fwp%2Fv2%2Ftags&post=1880"}],"curies":[{"name":"wp","href":"https:\/\/api.w.org\/{rel}","templated":true}]}}