{"id":1930,"date":"2011-12-19T14:24:15","date_gmt":"2011-12-19T13:24:15","guid":{"rendered":"http:\/\/www.marinadellabella.it\/?p=1930"},"modified":"2011-12-19T14:24:15","modified_gmt":"2011-12-19T13:24:15","slug":"monti-affonda-la-spada-fino-allelsa","status":"publish","type":"post","link":"https:\/\/www.marinadellabella.it\/?p=1930","title":{"rendered":"Monti affonda la spada fino all&#8217;Elsa"},"content":{"rendered":"<p><a rel=\"attachment wp-att-1931\" href=\"https:\/\/www.marinadellabella.it\/?attachment_id=1931\"><img loading=\"lazy\" decoding=\"async\" class=\"alignleft size-full wp-image-1931\" title=\"Elsa Fornero\" src=\"https:\/\/www.marinadellabella.it\/wp-content\/uploads\/2011\/12\/Elsa-Fornero.jpg\" alt=\"\" width=\"120\" height=\"120\" \/><\/a>Questo \u00e8 il disegno del governo Monti: portare un affondo senza precedenti al corpo gi\u00e0 sofferente di tutte le generazioni, dei nonni, dei padri e dei figli. E&#8217; stata appena consegnata la manovra commissionata dai partiti\u00a0 e gi\u00e0 si parla di mercato del lavoro e di regole da rivedere per bocca del ministro Elsa Fornero, che affida al Corriere della sera un&#8217;intervista dai contenuti aberranti, riportati con grande dovizia. Visto mai ci si potesse risparmiare qualcuna delle sue locuzioni con un nuovo portato di senso, distillato del laboratorio tecnocratico in corso? E invece gi\u00f9 con &#8220;equit\u00e0 intergenerazionale&#8221; e &#8220;riforma del ciclo di vita&#8221;, gi\u00f9 con &#8220;speranza di vita&#8221; riferita al calcolo pensionistico e non ad altro, gi\u00f9 con la &#8220;produttivit\u00e0&#8221; come valore guida, monetizzato in proporzione alla capacit\u00e0 fisica e psichica. In soldoni, un giovane va retribuito di pi\u00f9 e un vecchio di meno.<\/p>\n<p>A quando la selezione della razza, signora Fornero? A quando l&#8217;inserimento in prontuario di un&#8217;et\u00e0 oltre la quale ciascuno di noi si allontaner\u00e0 dal branco per andare a morire di fame e di sete in un angolino nascosto?<\/p>\n<p>E dire che c&#8217;\u00e8 chi si \u00e8 fatto pure distrarre dalle sue lacrime, perdendo di vista il resto. Che \u00e8 tanto e tanto grave, se lei dice che &#8220;giovani e donne sono i pi\u00f9 penalizzati perch\u00e9 la via italiana alla  flessibilit\u00e0 ha riguardato solo loro, risparmiando i lavoratori pi\u00f9  anziani e garantiti&#8221;, &#8220;il solito segmento superprotetto&#8221;. In queste parole ci sono accuse e disprezzo, anzi di pi\u00f9:\u00a0 sembra esserci il germe cattivo della contrapposizione tra generazioni, della guerra tra padri e figli. Divide et impera, come sempre. O forse no, magari siamo all&#8217;inizio di una nuova uguaglianza in nome della flessibilit\u00e0 per tutti, padri e figli.<\/p>\n<p>Quando le nominano l&#8217;art. 18, la signora riesuma addirittura la buonanima di Luciano Lama per fargli dire &#8220;Non voglio vincere contro mia figlia&#8221;. E per aggiungere, lei: &#8220;Noi, purtroppo, in un certo senso abbiamo vinto contro i nostri figli&#8221;. Parole esplosive ma false, perch\u00e9 affermare che la crisi attuale dipenda dalla difesa dei diritti dei lavoratori non sta davvero n\u00e9 in cielo n\u00e9 in terra. Ma come fece piangendo, la signora distrae, mistifica, sposta.<\/p>\n<p>Di fronte a tutto questo, passa quasi in secondo piano un&#8217;uscita infelice sull&#8217;allungamento della durata del lavoro per le donne, che secondo lei pesa soltanto perch\u00e9 non c&#8217;\u00e8 parit\u00e0 tra sessi. Infatti sentenzia: &#8220;Quando sento dire <em>io lavoro molto e poi devo anche occuparmi di mio  marito e della casa<\/em> dico che le famiglie condividono ancora troppo poco  i lavori di cura&#8221;. Qualcuno le ricorder\u00e0 che lei \u00e8 ministro del welfare e che in un paese civile \u00e8 il welfare a occuparsi di molti dei lavori di cura? Ma dimenticavo, gli anziani da accudire sono un problema per lei superato, perch\u00e9 solo chi \u00e8 produttivo merita di essere accudito.<\/p>\n<p>Ma la Fornero \u00e8 buona, anche se non sembra, e ci ricorda che cos\u00ec facendo ci salver\u00e0 i risparmi (quali?) e anche le tredicesime.<\/p>\n","protected":false},"excerpt":{"rendered":"<p>Questo \u00e8 il disegno del governo Monti: portare un affondo senza precedenti al corpo gi\u00e0 sofferente di tutte le generazioni, dei nonni, dei padri e dei figli. E&#8217; stata appena consegnata la manovra commissionata dai partiti\u00a0 e gi\u00e0 si parla &hellip; <a href=\"https:\/\/www.marinadellabella.it\/?p=1930\">Continua a leggere<span class=\"meta-nav\">&rarr;<\/span><\/a><\/p>\n","protected":false},"author":1,"featured_media":0,"comment_status":"open","ping_status":"open","sticky":false,"template":"","format":"standard","meta":{"footnotes":""},"categories":[29,10],"tags":[113],"class_list":["post-1930","post","type-post","status-publish","format-standard","hentry","category-lavoro","category-politica","tag-elsa-fornero"],"_links":{"self":[{"href":"https:\/\/www.marinadellabella.it\/index.php?rest_route=\/wp\/v2\/posts\/1930","targetHints":{"allow":["GET"]}}],"collection":[{"href":"https:\/\/www.marinadellabella.it\/index.php?rest_route=\/wp\/v2\/posts"}],"about":[{"href":"https:\/\/www.marinadellabella.it\/index.php?rest_route=\/wp\/v2\/types\/post"}],"author":[{"embeddable":true,"href":"https:\/\/www.marinadellabella.it\/index.php?rest_route=\/wp\/v2\/users\/1"}],"replies":[{"embeddable":true,"href":"https:\/\/www.marinadellabella.it\/index.php?rest_route=%2Fwp%2Fv2%2Fcomments&post=1930"}],"version-history":[{"count":11,"href":"https:\/\/www.marinadellabella.it\/index.php?rest_route=\/wp\/v2\/posts\/1930\/revisions"}],"predecessor-version":[{"id":1942,"href":"https:\/\/www.marinadellabella.it\/index.php?rest_route=\/wp\/v2\/posts\/1930\/revisions\/1942"}],"wp:attachment":[{"href":"https:\/\/www.marinadellabella.it\/index.php?rest_route=%2Fwp%2Fv2%2Fmedia&parent=1930"}],"wp:term":[{"taxonomy":"category","embeddable":true,"href":"https:\/\/www.marinadellabella.it\/index.php?rest_route=%2Fwp%2Fv2%2Fcategories&post=1930"},{"taxonomy":"post_tag","embeddable":true,"href":"https:\/\/www.marinadellabella.it\/index.php?rest_route=%2Fwp%2Fv2%2Ftags&post=1930"}],"curies":[{"name":"wp","href":"https:\/\/api.w.org\/{rel}","templated":true}]}}