{"id":1957,"date":"2011-12-31T19:14:43","date_gmt":"2011-12-31T18:14:43","guid":{"rendered":"http:\/\/www.marinadellabella.it\/?p=1957"},"modified":"2014-01-27T08:39:42","modified_gmt":"2014-01-27T07:39:42","slug":"di-chi-e-il-debito","status":"publish","type":"post","link":"https:\/\/www.marinadellabella.it\/?p=1957","title":{"rendered":"Di chi \u00e8 il debito?"},"content":{"rendered":"<p><a href=\"https:\/\/www.marinadellabella.it\/?attachment_id=1967\" rel=\"attachment wp-att-1967\"><img loading=\"lazy\" decoding=\"async\" class=\"alignleft size-full wp-image-1967\" title=\"debtocracy\" alt=\"\" src=\"https:\/\/www.marinadellabella.it\/wp-content\/uploads\/2011\/12\/debtocracy-e1325354931756.jpg\" width=\"250\" height=\"140\" \/><\/a>Ho ascoltato alla radio la conferenza stampa di fine anno del Presidente del Consiglio Monti: oltre due ore di virtuosismo del vuoto, di elegante nonchalance tra dire, non dire, alludere. Tempo impiegato male, il mio, che ora cerco di mettere a frutto tirando qualche somma.<\/p>\n<p>La comunicazione, soprattutto se pubblica, deve rappresentare la realt\u00e0 ed essere sincera. Se cos\u00ec non \u00e8, l&#8217;abilit\u00e0 comunicativa diventa direttamente proporzionale alla sua pericolosit\u00e0. Una mistificazione pi\u00f9 \u00e8 sofisticata pi\u00f9 \u00e8 insostenibile sotto ogni punto di vista: psicologico e fisico, etico e sociale. Per propriet\u00e0 transitiva, chi loda o non smaschera un&#8217;abilit\u00e0 mistificatrice \u00e8 pericoloso. Guai a sdoganare una forma priva di contenuto, uno stile fine a se stesso, un&#8217;estetica senza utilit\u00e0.<\/p>\n<p>E invece, retorica su retorica, il giornalismo presente si \u00e8 arrampicato sul vuoto comunicativo di Monti con fare acquiescente e deferente, per necessit\u00e0 di riposizionamento o, in certi casi, di sopravvivenza da finanziamento pubblico: domande facili facili e poi resoconti edulcorati. Una pena davvero, per l&#8217;informazione pubblica e per la democrazia.<\/p>\n<p>Comunque sia, anche una comunicazione quantomeno omissiva chiede di essere letta e interpretata per quello che toglie non a se stessa ma alla nostra vita. L\u00ec si sta consumando una distanza abissale dalla maggioranza delle persone, che invece avrebbero il diritto di essere, oltre che informate, interpellate e coinvolte in decisioni troppo grandi per essere calate dall&#8217;alto con tecnicismi chirurgici su delega in bianco.<\/p>\n<p>Fra queste decisioni (tante e gravi, alcune gi\u00e0 prese e altre ormai imminenti) vi \u00e8 per prima quella di attribuirci un debito enorme, costituito e accresciuto per meccanismi e motivazioni ai pi\u00f9 sconosciute, accollandocene responsabilit\u00e0 e obbligo di solvibilit\u00e0 in un sol colpo. A chi di noi \u00e8 stato mai chiesto se e come voleva indebitarsi? A chi di noi \u00e8 stato mai spiegato il perch\u00e9 dell&#8217;indebitamento? Pu\u00f2 essere che un debito pubblico agisca con la casualit\u00e0 e l&#8217;imprevedibilit\u00e0 di un cataclisma?<\/p>\n<p>La conclusione \u00e8 una sola: non facciamoci fregare, e chi ha sbagliato paghi. Chiederci di pagare senza capire e decidere \u00e8 davvero troppo. Guardiamo da vicino la voragine senza fidarci di chi non ce la racconta.<\/p>\n<p>Da pi\u00f9 parti si sta discutendo su come uscire da un disastro vecchio in un modo nuovo, che non ci consegni alla recessione e a un vuoto democratico entrambi letali. Per chi volesse conoscere punti di vista differenti, ovviamente ignorati dai media, indico due fonti:<\/p>\n<p><a href=\"http:\/\/www.cnms.it\/\">Campagna per il congelamento del debito<\/a><\/p>\n<p><a href=\"http:\/\/www.rivoltaildebito.org\/\">Rivolta il Debito!<\/a><\/p>\n","protected":false},"excerpt":{"rendered":"<p>Ho ascoltato alla radio la conferenza stampa di fine anno del Presidente del Consiglio Monti: oltre due ore di virtuosismo del vuoto, di elegante nonchalance tra dire, non dire, alludere. Tempo impiegato male, il mio, che ora cerco di mettere &hellip; <a href=\"https:\/\/www.marinadellabella.it\/?p=1957\">Continua a leggere<span class=\"meta-nav\">&rarr;<\/span><\/a><\/p>\n","protected":false},"author":1,"featured_media":0,"comment_status":"open","ping_status":"open","sticky":false,"template":"","format":"standard","meta":{"footnotes":""},"categories":[1],"tags":[373,372],"class_list":["post-1957","post","type-post","status-publish","format-standard","hentry","category-uncategorized","tag-comunicazione","tag-debito"],"_links":{"self":[{"href":"https:\/\/www.marinadellabella.it\/index.php?rest_route=\/wp\/v2\/posts\/1957","targetHints":{"allow":["GET"]}}],"collection":[{"href":"https:\/\/www.marinadellabella.it\/index.php?rest_route=\/wp\/v2\/posts"}],"about":[{"href":"https:\/\/www.marinadellabella.it\/index.php?rest_route=\/wp\/v2\/types\/post"}],"author":[{"embeddable":true,"href":"https:\/\/www.marinadellabella.it\/index.php?rest_route=\/wp\/v2\/users\/1"}],"replies":[{"embeddable":true,"href":"https:\/\/www.marinadellabella.it\/index.php?rest_route=%2Fwp%2Fv2%2Fcomments&post=1957"}],"version-history":[{"count":10,"href":"https:\/\/www.marinadellabella.it\/index.php?rest_route=\/wp\/v2\/posts\/1957\/revisions"}],"predecessor-version":[{"id":3623,"href":"https:\/\/www.marinadellabella.it\/index.php?rest_route=\/wp\/v2\/posts\/1957\/revisions\/3623"}],"wp:attachment":[{"href":"https:\/\/www.marinadellabella.it\/index.php?rest_route=%2Fwp%2Fv2%2Fmedia&parent=1957"}],"wp:term":[{"taxonomy":"category","embeddable":true,"href":"https:\/\/www.marinadellabella.it\/index.php?rest_route=%2Fwp%2Fv2%2Fcategories&post=1957"},{"taxonomy":"post_tag","embeddable":true,"href":"https:\/\/www.marinadellabella.it\/index.php?rest_route=%2Fwp%2Fv2%2Ftags&post=1957"}],"curies":[{"name":"wp","href":"https:\/\/api.w.org\/{rel}","templated":true}]}}