{"id":2063,"date":"2012-01-26T23:04:13","date_gmt":"2012-01-26T22:04:13","guid":{"rendered":"http:\/\/www.marinadellabella.it\/?p=2063"},"modified":"2014-01-27T08:38:15","modified_gmt":"2014-01-27T07:38:15","slug":"la-valle-non-si-arresta","status":"publish","type":"post","link":"https:\/\/www.marinadellabella.it\/?p=2063","title":{"rendered":"La Valle non si arresta!"},"content":{"rendered":"<p><a href=\"https:\/\/www.marinadellabella.it\/?attachment_id=2064\" rel=\"attachment wp-att-2064\"><img loading=\"lazy\" decoding=\"async\" class=\"alignleft size-medium wp-image-2064\" title=\"La Valle non si arresta!\" alt=\"\" src=\"https:\/\/www.marinadellabella.it\/wp-content\/uploads\/2012\/01\/La-Valle-non-si-arresta-286x300.jpg\" width=\"286\" height=\"300\" srcset=\"https:\/\/www.marinadellabella.it\/wp-content\/uploads\/2012\/01\/La-Valle-non-si-arresta-286x300.jpg 286w, https:\/\/www.marinadellabella.it\/wp-content\/uploads\/2012\/01\/La-Valle-non-si-arresta.jpg 306w\" sizes=\"auto, (max-width: 286px) 100vw, 286px\" \/><\/a><\/p>\n<p>Le perquisizioni e gli arresti scattati all&#8217;alba in tutta Italia, negli ambienti no Tav e non solo, sono il segno evidente che la dittatura del mercato si sta imponendo con regole ancora pi\u00f9 ferree. Da una parte si decide di saccheggiare chi ha meno e di introdurre il lavoro non-stop, tomba di ogni umanit\u00e0 possibile e di ogni certezza futura. Dall&#8217;altra, proprio mentre scoppiano ovunque le prime proteste, parte un&#8217;operazione di polizia diretta a uno dei simboli pi\u00f9 forti dell&#8217;autodeterminazione popolare, a difesa del territorio e dei beni\u00a0 comuni da speculazioni pesanti, inutili e in odore di criminalit\u00e0 organizzata.<\/p>\n<p>Guarda caso, per\u00f2, queste speculazioni sono fortemente volute dalla maggioranza dei partiti che, ridotti a tappezzeria in un Parlamento fantasma, tentano di garantirsi almeno gli affari.<\/p>\n<p>Oggi il messaggio \u00e8 anche pi\u00f9 chiaro: il grande manovratore al Governo non va disturbato, ora \u00e8 lui a garantire la continuit\u00e0 di interessi passati e presenti. E se qualcuno non ci sta si rispolvera il manuale delle strategie repressive, buono per ogni stagione e conveniente per molti.\u00a0 Per continuare a lucrare insensatamente, cos\u00ec come si \u00e8 fatto sinora nonostante i terribili risultati, e per mantenere il controllo sociale, in uno stato di anestesia generale che ci immobilizza ormai da decenni.<\/p>\n","protected":false},"excerpt":{"rendered":"<p>Le perquisizioni e gli arresti scattati all&#8217;alba in tutta Italia, negli ambienti no Tav e non solo, sono il segno evidente che la dittatura del mercato si sta imponendo con regole ancora pi\u00f9 ferree. Da una parte si decide di &hellip; <a href=\"https:\/\/www.marinadellabella.it\/?p=2063\">Continua a leggere<span class=\"meta-nav\">&rarr;<\/span><\/a><\/p>\n","protected":false},"author":1,"featured_media":0,"comment_status":"open","ping_status":"open","sticky":false,"template":"","format":"standard","meta":{"footnotes":""},"categories":[1],"tags":[366,374,120],"class_list":["post-2063","post","type-post","status-publish","format-standard","hentry","category-uncategorized","tag-no-tav","tag-repressione","tag-val-susa"],"_links":{"self":[{"href":"https:\/\/www.marinadellabella.it\/index.php?rest_route=\/wp\/v2\/posts\/2063","targetHints":{"allow":["GET"]}}],"collection":[{"href":"https:\/\/www.marinadellabella.it\/index.php?rest_route=\/wp\/v2\/posts"}],"about":[{"href":"https:\/\/www.marinadellabella.it\/index.php?rest_route=\/wp\/v2\/types\/post"}],"author":[{"embeddable":true,"href":"https:\/\/www.marinadellabella.it\/index.php?rest_route=\/wp\/v2\/users\/1"}],"replies":[{"embeddable":true,"href":"https:\/\/www.marinadellabella.it\/index.php?rest_route=%2Fwp%2Fv2%2Fcomments&post=2063"}],"version-history":[{"count":10,"href":"https:\/\/www.marinadellabella.it\/index.php?rest_route=\/wp\/v2\/posts\/2063\/revisions"}],"predecessor-version":[{"id":3622,"href":"https:\/\/www.marinadellabella.it\/index.php?rest_route=\/wp\/v2\/posts\/2063\/revisions\/3622"}],"wp:attachment":[{"href":"https:\/\/www.marinadellabella.it\/index.php?rest_route=%2Fwp%2Fv2%2Fmedia&parent=2063"}],"wp:term":[{"taxonomy":"category","embeddable":true,"href":"https:\/\/www.marinadellabella.it\/index.php?rest_route=%2Fwp%2Fv2%2Fcategories&post=2063"},{"taxonomy":"post_tag","embeddable":true,"href":"https:\/\/www.marinadellabella.it\/index.php?rest_route=%2Fwp%2Fv2%2Ftags&post=2063"}],"curies":[{"name":"wp","href":"https:\/\/api.w.org\/{rel}","templated":true}]}}