{"id":2143,"date":"2012-01-31T20:27:38","date_gmt":"2012-01-31T19:27:38","guid":{"rendered":"http:\/\/www.marinadellabella.it\/?p=2143"},"modified":"2012-01-31T20:35:54","modified_gmt":"2012-01-31T19:35:54","slug":"linferno-e-una-fabbrica-tedesca","status":"publish","type":"post","link":"https:\/\/www.marinadellabella.it\/?p=2143","title":{"rendered":"L&#8217;inferno \u00e8 una fabbrica tedesca&#8230;"},"content":{"rendered":"<p><a rel=\"attachment wp-att-2146\" href=\"https:\/\/www.marinadellabella.it\/?attachment_id=2146\"><img loading=\"lazy\" decoding=\"async\" class=\"alignleft size-full wp-image-2146\" title=\"incendio ThyssenKrupp\" src=\"https:\/\/www.marinadellabella.it\/wp-content\/uploads\/2012\/01\/incendio-ThyssenKrupp1.jpg\" alt=\"\" width=\"225\" height=\"225\" srcset=\"https:\/\/www.marinadellabella.it\/wp-content\/uploads\/2012\/01\/incendio-ThyssenKrupp1.jpg 225w, https:\/\/www.marinadellabella.it\/wp-content\/uploads\/2012\/01\/incendio-ThyssenKrupp1-150x150.jpg 150w\" sizes=\"auto, (max-width: 225px) 100vw, 225px\" \/><\/a>&#8220;L&#8217;inferno \u00e8 una fabbrica tedesca&#8230;&#8221;: \u00e8 questo l&#8217;attacco di un inedito di Demetrio Paolin sull&#8217;incendio della ThyssenKrupp ascoltato recentemente dalla sua voce. Un&#8217;emozione tripla, perch\u00e9 non me l&#8217;aspettavo, perch\u00e9 l&#8217;argomento tocca un nervo scoperto (<a href=\"https:\/\/www.marinadellabella.it\/?p=660\">ne ho scritto<\/a> anche in questo blog) e soprattutto perch\u00e9 il testo sprigiona una forza straordinaria, simile &#8211; per quello che la scrittura pu\u00f2 &#8211; a un incendo che scoppia all&#8217;improvviso. E che poi lascia una scia, un specie di inferno terreno, cerebrale e concreto.<\/p>\n<p>Di Paolin avevo gi\u00e0 letto <em>Il mio nome \u00e8 legione<\/em> (2009) e <em>La seconda persona <\/em>(2011), pubblicati da Transeuropa.<em> <\/em>In essi mi aveva stupito l&#8217;asistematicit\u00e0 del procedere da fantasmi interiori, personaggi-pretesto per l&#8217;affabulazione. Che \u00e8 racconto, riflessione e insieme trasfigurazione. O forse qualcosa di pi\u00f9 grande e profondo: il ridisegnare un intero microcosmo secondo poche e assolute condizioni dell&#8217;essere, prima fra tutte il male, con necessit\u00e0 espressiva e autenticit\u00e0 coerente dall&#8217;inizio fino alla fine.<\/p>\n<p>Fra usura del linguaggio, svuotamento di senso, dominio delle immagini e della serialit\u00e0 non \u00e8 facile che uno scrittore sia dentro le cose che scrive sempre con la stessa potenza. Cos\u00ec capitano toni pi\u00f9 bassi, esercizi di buona scrittura, vere e proprie evaporazioni d&#8217;autore, fra l&#8217;altro non sempre consapevoli.<\/p>\n<p>E invece Paolin ha sempre energia, in questo ultimo scritto anche superiore e pi\u00f9 convincente. La riconosci anche in quel risparmio di stile donato generosamente al pubblico con un inedito. Quasi a dire: ecco, \u00e8 un pezzo ancora semilavorato, ma almeno la materia c&#8217;\u00e8 tutta e ogni finzione \u00e8 smascherata. E&#8217; un po&#8217; come l&#8217;acciaio prima di diventare oggetto. Un po&#8217; come i corpi degli operai deformati dal calore.<\/p>\n<p>La scrittura si stringe cos\u00ec alla realt\u00e0 come farebbe quel fuoco maledetto, in un corpo a corpo tra necessit\u00e0 di riscatto e mimesi senza via d&#8217;uscita. Esattamente come la morte sul lavoro, risarcibile mai.<\/p>\n","protected":false},"excerpt":{"rendered":"<p>&#8220;L&#8217;inferno \u00e8 una fabbrica tedesca&#8230;&#8221;: \u00e8 questo l&#8217;attacco di un inedito di Demetrio Paolin sull&#8217;incendio della ThyssenKrupp ascoltato recentemente dalla sua voce. Un&#8217;emozione tripla, perch\u00e9 non me l&#8217;aspettavo, perch\u00e9 l&#8217;argomento tocca un nervo scoperto (ne ho scritto anche in questo &hellip; <a href=\"https:\/\/www.marinadellabella.it\/?p=2143\">Continua a leggere<span class=\"meta-nav\">&rarr;<\/span><\/a><\/p>\n","protected":false},"author":1,"featured_media":0,"comment_status":"open","ping_status":"open","sticky":false,"template":"","format":"standard","meta":{"footnotes":""},"categories":[13],"tags":[124,63],"class_list":["post-2143","post","type-post","status-publish","format-standard","hentry","category-letteratura","tag-demetrio-paolin","tag-thyssenkrupp"],"_links":{"self":[{"href":"https:\/\/www.marinadellabella.it\/index.php?rest_route=\/wp\/v2\/posts\/2143","targetHints":{"allow":["GET"]}}],"collection":[{"href":"https:\/\/www.marinadellabella.it\/index.php?rest_route=\/wp\/v2\/posts"}],"about":[{"href":"https:\/\/www.marinadellabella.it\/index.php?rest_route=\/wp\/v2\/types\/post"}],"author":[{"embeddable":true,"href":"https:\/\/www.marinadellabella.it\/index.php?rest_route=\/wp\/v2\/users\/1"}],"replies":[{"embeddable":true,"href":"https:\/\/www.marinadellabella.it\/index.php?rest_route=%2Fwp%2Fv2%2Fcomments&post=2143"}],"version-history":[{"count":44,"href":"https:\/\/www.marinadellabella.it\/index.php?rest_route=\/wp\/v2\/posts\/2143\/revisions"}],"predecessor-version":[{"id":2197,"href":"https:\/\/www.marinadellabella.it\/index.php?rest_route=\/wp\/v2\/posts\/2143\/revisions\/2197"}],"wp:attachment":[{"href":"https:\/\/www.marinadellabella.it\/index.php?rest_route=%2Fwp%2Fv2%2Fmedia&parent=2143"}],"wp:term":[{"taxonomy":"category","embeddable":true,"href":"https:\/\/www.marinadellabella.it\/index.php?rest_route=%2Fwp%2Fv2%2Fcategories&post=2143"},{"taxonomy":"post_tag","embeddable":true,"href":"https:\/\/www.marinadellabella.it\/index.php?rest_route=%2Fwp%2Fv2%2Ftags&post=2143"}],"curies":[{"name":"wp","href":"https:\/\/api.w.org\/{rel}","templated":true}]}}