{"id":2217,"date":"2012-02-11T14:30:41","date_gmt":"2012-02-11T13:30:41","guid":{"rendered":"http:\/\/www.marinadellabella.it\/?p=2217"},"modified":"2014-07-07T16:01:38","modified_gmt":"2014-07-07T15:01:38","slug":"linsostenibile-fragranza-del-neoliberismo","status":"publish","type":"post","link":"https:\/\/www.marinadellabella.it\/?p=2217","title":{"rendered":"L&#8217;insostenibile fragranza del neoliberismo"},"content":{"rendered":"<p><a href=\"https:\/\/www.marinadellabella.it\/?attachment_id=2246\" rel=\"attachment wp-att-2246\"><img loading=\"lazy\" decoding=\"async\" class=\"alignleft size-thumbnail wp-image-2246\" title=\"pane\" alt=\"\" src=\"https:\/\/www.marinadellabella.it\/wp-content\/uploads\/2012\/02\/pane-2-150x150.jpg\" width=\"150\" height=\"150\" \/><\/a>Mentre la Grecia allo stremo mostra al mondo come finisce un paese stritolato dalla dittatura internazionale della finanza, da noi circola la notizia che ci sar\u00e0 pane fresco in vendita anche la domenica. In Italia, dove intanto si muore di neve, si tratta di un bel passo avanti sulla via dello sviluppo, definito da una lista di nuove liberalizzazioni che pi\u00f9 che altro \u00e8 una lista della spesa. L&#8217;invito a comprare vi \u00e8 esplicito, cosa non importa. Ad esempio medicine che, alla faccia della prevenzione, saranno promosse ovunque da nuove farmacie (ben cinquemila in pi\u00f9, in un paese di soli ottomila comuni).<\/p>\n<p>Il pane domenicale pu\u00f2 essere letto come un condensato efficace della ricetta neoliberista. Il procedimento \u00e8 semplice: si offre una nuova occasione di consumo non indispensabile perch\u00e9 crei un nuovo bisogno e dunque nuove vendite, ma anche nuovi sprechi, una concorrenza pi\u00f9 aggressiva e turni di lavoro ulteriori, anche nei giorni festivi. Il tutto nel paradosso di una crisi che nega il pane ogni giorno a fasce della popolazione sempre pi\u00f9 ampie e disagiate.<\/p>\n<p>Mollica morbida, crostra croccante e odore fragrante del pane a domicilio, insieme a brioche e giornali di regime: comincer\u00e0 cos\u00ec la domenica del giovin signore?<\/p>\n<p>Sono in cucina e guardo la ciotola di terracotta dove conservo il pane vecchio da tostare o per farci pappa e ribollita come mi hanno insegnato i toscani. Guardo anche il tagliere di legno dove riposa il pane di ieri, pronto per essere mangiato oggi. E sono convinta di due cose: che sia un privilegio avere l&#8217;uno e l&#8217;altro e che mai comprer\u00f2 pane alla domenica. Mai.<\/p>\n<p>E cos\u00ec le ultime, piccole differenze tra un giorno di festa e uno lavorativo (sopravvissute a fatica al consumo sfrenato di merci, ma anche di luoghi, persone e relazioni trattate come merci) vanno sparendo nell&#8217;idrovora di uno pseudosviluppo che risucchia tutto: il tempo per s\u00e9 e per gli altri, il ritmo naturale &#8211; biologico, psicologico, affettivo &#8211; delle persone; il cibo come bene necessario (e non come lusso e spreco); il lavoro come parte di una dimensione umana complessa che richiede equilibrio; la comunicazione come scambio autentico e orizzontale. E non verticistica, demagogica, strumentale, manipolata, deviata&#8230; Cosa dicono del pane alla domenica le agenzie governative, gli uffici stampa dei partiti, le pagine dei giornali? Cosa dicono del lavoro domenicale le omelie domenicali? E quelle giornaliere dei sindacati o dei consumatori? Dicono tutto bene, e avanti cos\u00ec. Fino allo schianto finale.<\/p>\n","protected":false},"excerpt":{"rendered":"<p>Mentre la Grecia allo stremo mostra al mondo come finisce un paese stritolato dalla dittatura internazionale della finanza, da noi circola la notizia che ci sar\u00e0 pane fresco in vendita anche la domenica. In Italia, dove intanto si muore di &hellip; <a href=\"https:\/\/www.marinadellabella.it\/?p=2217\">Continua a leggere<span class=\"meta-nav\">&rarr;<\/span><\/a><\/p>\n","protected":false},"author":1,"featured_media":0,"comment_status":"closed","ping_status":"open","sticky":false,"template":"","format":"standard","meta":{"footnotes":""},"categories":[1],"tags":[375,376,127],"class_list":["post-2217","post","type-post","status-publish","format-standard","hentry","category-uncategorized","tag-liberalizzazioni","tag-neoliberismo","tag-pane"],"_links":{"self":[{"href":"https:\/\/www.marinadellabella.it\/index.php?rest_route=\/wp\/v2\/posts\/2217","targetHints":{"allow":["GET"]}}],"collection":[{"href":"https:\/\/www.marinadellabella.it\/index.php?rest_route=\/wp\/v2\/posts"}],"about":[{"href":"https:\/\/www.marinadellabella.it\/index.php?rest_route=\/wp\/v2\/types\/post"}],"author":[{"embeddable":true,"href":"https:\/\/www.marinadellabella.it\/index.php?rest_route=\/wp\/v2\/users\/1"}],"replies":[{"embeddable":true,"href":"https:\/\/www.marinadellabella.it\/index.php?rest_route=%2Fwp%2Fv2%2Fcomments&post=2217"}],"version-history":[{"count":29,"href":"https:\/\/www.marinadellabella.it\/index.php?rest_route=\/wp\/v2\/posts\/2217\/revisions"}],"predecessor-version":[{"id":3621,"href":"https:\/\/www.marinadellabella.it\/index.php?rest_route=\/wp\/v2\/posts\/2217\/revisions\/3621"}],"wp:attachment":[{"href":"https:\/\/www.marinadellabella.it\/index.php?rest_route=%2Fwp%2Fv2%2Fmedia&parent=2217"}],"wp:term":[{"taxonomy":"category","embeddable":true,"href":"https:\/\/www.marinadellabella.it\/index.php?rest_route=%2Fwp%2Fv2%2Fcategories&post=2217"},{"taxonomy":"post_tag","embeddable":true,"href":"https:\/\/www.marinadellabella.it\/index.php?rest_route=%2Fwp%2Fv2%2Ftags&post=2217"}],"curies":[{"name":"wp","href":"https:\/\/api.w.org\/{rel}","templated":true}]}}