{"id":2402,"date":"2012-03-09T10:06:47","date_gmt":"2012-03-09T09:06:47","guid":{"rendered":"http:\/\/www.marinadellabella.it\/?p=2402"},"modified":"2014-07-07T16:01:37","modified_gmt":"2014-07-07T15:01:37","slug":"insieme-alla-fiom","status":"publish","type":"post","link":"https:\/\/www.marinadellabella.it\/?p=2402","title":{"rendered":"Insieme alla Fiom"},"content":{"rendered":"<p><a href=\"https:\/\/www.marinadellabella.it\/?attachment_id=2409\" rel=\"attachment wp-att-2409\"><img loading=\"lazy\" decoding=\"async\" class=\"alignleft size-full wp-image-2409\" title=\"Fiom\" alt=\"\" src=\"https:\/\/www.marinadellabella.it\/wp-content\/uploads\/2012\/03\/Fiom.jpg\" width=\"228\" height=\"114\" \/><\/a>Lo sciopero e la manifestazione della Fiom di oggi non riguardano soltanto i metalmeccanici ma tutti coloro che, singolarmente o uniti in movimenti, abbiano a cuore la democrazia e la giustizia sociale in questo paese. C&#8217;\u00e8 una distanza ormai abissale tra le istituzioni (svuotate, corrotte, al servizio di interessi economici e finanziari di infime minoranze) e la stragrande maggioranza dei cittadini, a cui sono sottratte risorse e tutele in nome di una crisi di cui non sono responsabili.<\/p>\n<p>Si scrive crisi ma si legge fallimento del neoliberismo, che per salvarsi presenta il conto a tutti tranne che a se stesso. In quel conto c&#8217;\u00e8 la sospensione dei diritti nei luoghi di lavoro ma anche la militarizzazione di territori a difesa di opere dannose, ci sono l&#8217;umiliazione della sovranit\u00e0 nazionale insieme alla disattivazione (temporanea?) della partecipazione e della rappresentanza democratica. In quel conto ci sono piaghe che si allargano contaminandosi a vicenda: disoccupazione e criminalit\u00e0 istituzionalizzata, impoverimento collettivo e negazione dei diritti primari alla salute e all&#8217;istruzione.<\/p>\n<p>In un contesto difficile come questo, privo di riferimenti politici che si pongano limpidamente al servizio dei pi\u00f9 deboli, qualsiasi esperienza auto-organizzata \u00e8 un&#8217;occasione preziosa per salvaguardare dignit\u00e0 e valori e per mettersi in rete con esperienze differenti. Fiom e No Tav, ma anche tante altre forme di impegno sociale e civile (spesso aggredito, marginalizzato oppure strumentalizzato), meriterebbero a partire da oggi un progetto comune che parta dalle piazze, ormai cos\u00ec difficili da vivere, per portarsi oltre. La speranza di poter camminare insieme \u00e8 anche speranza di democrazia: entrambe, e per fortuna, ci distinguono da chi non ci sar\u00e0.<\/p>\n","protected":false},"excerpt":{"rendered":"<p>Lo sciopero e la manifestazione della Fiom di oggi non riguardano soltanto i metalmeccanici ma tutti coloro che, singolarmente o uniti in movimenti, abbiano a cuore la democrazia e la giustizia sociale in questo paese. C&#8217;\u00e8 una distanza ormai abissale &hellip; <a href=\"https:\/\/www.marinadellabella.it\/?p=2402\">Continua a leggere<span class=\"meta-nav\">&rarr;<\/span><\/a><\/p>\n","protected":false},"author":1,"featured_media":0,"comment_status":"closed","ping_status":"open","sticky":false,"template":"","format":"standard","meta":{"footnotes":""},"categories":[1],"tags":[362,134],"class_list":["post-2402","post","type-post","status-publish","format-standard","hentry","category-uncategorized","tag-fiom","tag-metalmeccanici"],"_links":{"self":[{"href":"https:\/\/www.marinadellabella.it\/index.php?rest_route=\/wp\/v2\/posts\/2402","targetHints":{"allow":["GET"]}}],"collection":[{"href":"https:\/\/www.marinadellabella.it\/index.php?rest_route=\/wp\/v2\/posts"}],"about":[{"href":"https:\/\/www.marinadellabella.it\/index.php?rest_route=\/wp\/v2\/types\/post"}],"author":[{"embeddable":true,"href":"https:\/\/www.marinadellabella.it\/index.php?rest_route=\/wp\/v2\/users\/1"}],"replies":[{"embeddable":true,"href":"https:\/\/www.marinadellabella.it\/index.php?rest_route=%2Fwp%2Fv2%2Fcomments&post=2402"}],"version-history":[{"count":19,"href":"https:\/\/www.marinadellabella.it\/index.php?rest_route=\/wp\/v2\/posts\/2402\/revisions"}],"predecessor-version":[{"id":3619,"href":"https:\/\/www.marinadellabella.it\/index.php?rest_route=\/wp\/v2\/posts\/2402\/revisions\/3619"}],"wp:attachment":[{"href":"https:\/\/www.marinadellabella.it\/index.php?rest_route=%2Fwp%2Fv2%2Fmedia&parent=2402"}],"wp:term":[{"taxonomy":"category","embeddable":true,"href":"https:\/\/www.marinadellabella.it\/index.php?rest_route=%2Fwp%2Fv2%2Fcategories&post=2402"},{"taxonomy":"post_tag","embeddable":true,"href":"https:\/\/www.marinadellabella.it\/index.php?rest_route=%2Fwp%2Fv2%2Ftags&post=2402"}],"curies":[{"name":"wp","href":"https:\/\/api.w.org\/{rel}","templated":true}]}}