{"id":2455,"date":"2012-03-26T11:59:33","date_gmt":"2012-03-26T10:59:33","guid":{"rendered":"http:\/\/www.marinadellabella.it\/?p=2455"},"modified":"2014-07-07T16:01:37","modified_gmt":"2014-07-07T15:01:37","slug":"mentre-muore-tabucchi","status":"publish","type":"post","link":"https:\/\/www.marinadellabella.it\/?p=2455","title":{"rendered":"Mentre muore Tabucchi"},"content":{"rendered":"<p><a rel=\"attachment wp-att-2457\" href=\"https:\/\/www.marinadellabella.it\/?attachment_id=2457\"><img loading=\"lazy\" decoding=\"async\" class=\"alignleft size-full wp-image-2457\" title=\"Antonio Tabucchi\" src=\"https:\/\/www.marinadellabella.it\/wp-content\/uploads\/2012\/03\/Antonio-Tabucchi.jpg\" alt=\"\" width=\"160\" height=\"160\" srcset=\"https:\/\/www.marinadellabella.it\/wp-content\/uploads\/2012\/03\/Antonio-Tabucchi.jpg 160w, https:\/\/www.marinadellabella.it\/wp-content\/uploads\/2012\/03\/Antonio-Tabucchi-150x150.jpg 150w\" sizes=\"auto, (max-width: 160px) 100vw, 160px\" \/><\/a>In Italia stanno saltando anche le ultime tutele dallo strapotere di pochi arroganti, supponenti e colpevolmente dissociati dai cittadini, che avrebbero invece il dovere di rappresentare. Nel difendere a ogni costo un sistema neoliberista pienamente fallito, ricorrendo a meccanismi autocorrettivi che non ha, seguono una strategia debole  e incapace di rinnovamento che condurr\u00e0 all&#8217;implosione.<\/p>\n<p>Sarebbe pi\u00f9 semplice dire \u201cfate pure, tanto andrete a schiantarvi\u201d e poi aspettare lo schianto, per raccogliere i cocci e ricostruire. Ma si sa che la storia non va sempre cos\u00ec, e che il prezzo da pagare si incider\u00e0 nella carne e nella vita di molti. Inoltre, chi sopravviver\u00e0 avr\u00e0 forza e mezzi per rigenerare un paese stremato? Apocalisse e fantascienza tingono dei colori pi\u00f9 incerti una realt\u00e0 gi\u00e0 cos\u00ec lacera e allucinata.<\/p>\n<p>Mentre Antonio Tabucchi, scrittore di grande chiarezza di giudizio (cos\u00ec straniera nell&#8217;Italia delle tante ambiguit\u00e0 convenienti), muore (all&#8217;estero, naturalmente), qui assistiamo al duetto sconcertante di un Presidente del Consiglio che offre il dono del licenziamento &#8220;erga omnes&#8221; ai poteri che lui rappresenta e di un Presidente della Repubblica che esce pericolosamente dalle sue prerogative per sostenerne il disegno e condizionare, dall&#8217;alto della sua carica, tutto il paese: la politica, i sindacati, i cittadini stessi.<\/p>\n<p>Immaginate cosa significherebbe libert\u00e0 di licenziare (perch\u00e9 al di l\u00e0 della formale motivazione economica di questo sostanzialmente si tratterebbe) nel delicato settore dell&#8217;informazione, gi\u00e0 cos\u00ec asservito a gruppi interessati al condizionamento delle opinioni, e in quello pubblico, gi\u00e0 cos\u00ec influenzato dal sistema dei partiti di cui \u00e8 emanazione. Confezionare una motivazione economica per allontanare un giornalista non imbavagliato o un dipendente non raccomandato sar\u00e0 un gioco da ragazzi, come lo sar\u00e0 per un operaio sindacalizzato o pi\u00f9 semplicemente meno disposto a fare turni insostenibili o a chiudere gli occhi sulla sicurezza non garantita.<\/p>\n<p>Dire che l&#8217;art. 18 \u00e8 soltanto un simbolo e che di altro bisognerebbe preoccuparsi (ad esempio della disoccupazione, come se con la libert\u00e0 di licenziare possano davvero aumentare i posti di lavoro), significa nascondere dietro una mistificazione l&#8217;obiettivo vero di un&#8217;operazione da portare a termine a tutti i costi: cancellare l&#8217;ultimo pezzetto di dignit\u00e0 e tutela che ci era rimasto, perch\u00e9 il ricatto del lavoro diventi uno strumento di controllo ancora pi\u00f9 micidiale, e perch\u00e9 la libert\u00e0 di investire e disinvestire diventi ancora pi\u00f9 selvaggia, senza alcun limite o regolazione. Un premio all&#8217;imprenditoria e a manager \u201cmordi e fuggi\u201d, cio\u00e8 ai peggiori, e una garanzia di  assoggettamento alla deriva antidemocratica, a sua volta al servizio di una feroce ristrutturazione economico-finanziaria.<\/p>\n<p>Diceva Tabucchi: \u201cLa democrazia odierna mostra evidenti ed allarmanti scricchiolii. Ma avete mai sentito la sinistra italiana che si sia messa a ridiscutere seriamente la democrazia? Intendo i concetti portanti della democrazia, ci\u00f2 che ne \u00e8 o dovrebbe essere l&#8217;essenza: i diritti dei cittadini, le libert\u00e0, la distribuzione del potere, la distribuzione dei beni materiali, il diritto al lavoro, il controllo sui singoli e sulle masse&#8230;\u201d. Indicava una strada, riferendosi per\u00f2 a una sinistra italiana che non c&#8217;\u00e8. Chi infatti ne ha detenuto e insieme contrastato il marchio in un&#8217;osmosi perfetta \u00e8 riuscito a distruggerla.<\/p>\n<p>Questo ci insegna che, al di l\u00e0 dei nomi, contano i valori che sanno tradursi in esperienze quotidiane e capillari. I movimenti per l&#8217;acqua pubblica e quelli per la difesa dei territori, i tentativi di affrontare crisi e debito in modo nuovo e partecipato, quelli per la difesa del lavoro e della scuola pubblica, dell&#8217;ambiente e della salute, della pace e della legalit\u00e0 dovunque, dalle prime linee contro le criminalit\u00e0 associate fino alle opacit\u00e0 dei contesti a noi quotidiani, sono la sinistra italiana? Gli esempi negativi che evoca questa definizione farebbero rispondere di no.<\/p>\n<p>Il punto per\u00f2 \u00e8 un altro: se ci sar\u00e0 rinascita in questo paese sar\u00e0 a partire da queste esperienze, e non certo dai palazzi e dai partiti tradizionali, qualunque nome si diano. Soltanto nella distanza tra paese reale e istituzioni pu\u00f2 farsi spazio il cambiamento, incontrando purtroppo ogni tipo di ostacolo, compreso quello dei licenziamenti. Occorre forza e lucidit\u00e0 per resistere, difendendo se non il nome (di quanti nomi ci hanno privato finora?) almeno l&#8217;idea di ci\u00f2 che ci tolgono. Perch\u00e9 \u00e8 dalla memoria che dipende il futuro,  Tabucchi lo sapeva bene.<\/p>\n","protected":false},"excerpt":{"rendered":"<p>In Italia stanno saltando anche le ultime tutele dallo strapotere di pochi arroganti, supponenti e colpevolmente dissociati dai cittadini, che avrebbero invece il dovere di rappresentare. Nel difendere a ogni costo un sistema neoliberista pienamente fallito, ricorrendo a meccanismi autocorrettivi &hellip; <a href=\"https:\/\/www.marinadellabella.it\/?p=2455\">Continua a leggere<span class=\"meta-nav\">&rarr;<\/span><\/a><\/p>\n","protected":false},"author":1,"featured_media":0,"comment_status":"closed","ping_status":"open","sticky":false,"template":"","format":"standard","meta":{"footnotes":""},"categories":[10],"tags":[139,138],"class_list":["post-2455","post","type-post","status-publish","format-standard","hentry","category-politica","tag-antonio-tabucchi","tag-art-18"],"_links":{"self":[{"href":"https:\/\/www.marinadellabella.it\/index.php?rest_route=\/wp\/v2\/posts\/2455","targetHints":{"allow":["GET"]}}],"collection":[{"href":"https:\/\/www.marinadellabella.it\/index.php?rest_route=\/wp\/v2\/posts"}],"about":[{"href":"https:\/\/www.marinadellabella.it\/index.php?rest_route=\/wp\/v2\/types\/post"}],"author":[{"embeddable":true,"href":"https:\/\/www.marinadellabella.it\/index.php?rest_route=\/wp\/v2\/users\/1"}],"replies":[{"embeddable":true,"href":"https:\/\/www.marinadellabella.it\/index.php?rest_route=%2Fwp%2Fv2%2Fcomments&post=2455"}],"version-history":[{"count":9,"href":"https:\/\/www.marinadellabella.it\/index.php?rest_route=\/wp\/v2\/posts\/2455\/revisions"}],"predecessor-version":[{"id":2465,"href":"https:\/\/www.marinadellabella.it\/index.php?rest_route=\/wp\/v2\/posts\/2455\/revisions\/2465"}],"wp:attachment":[{"href":"https:\/\/www.marinadellabella.it\/index.php?rest_route=%2Fwp%2Fv2%2Fmedia&parent=2455"}],"wp:term":[{"taxonomy":"category","embeddable":true,"href":"https:\/\/www.marinadellabella.it\/index.php?rest_route=%2Fwp%2Fv2%2Fcategories&post=2455"},{"taxonomy":"post_tag","embeddable":true,"href":"https:\/\/www.marinadellabella.it\/index.php?rest_route=%2Fwp%2Fv2%2Ftags&post=2455"}],"curies":[{"name":"wp","href":"https:\/\/api.w.org\/{rel}","templated":true}]}}