{"id":2466,"date":"2012-04-09T09:39:39","date_gmt":"2012-04-09T08:39:39","guid":{"rendered":"http:\/\/www.marinadellabella.it\/?p=2466"},"modified":"2014-07-07T16:03:57","modified_gmt":"2014-07-07T15:03:57","slug":"versi-insaturi","status":"publish","type":"post","link":"https:\/\/www.marinadellabella.it\/?p=2466","title":{"rendered":"Versi insaturi"},"content":{"rendered":"<p><a rel=\"attachment wp-att-2469\" href=\"https:\/\/www.marinadellabella.it\/?attachment_id=2469\"><img loading=\"lazy\" decoding=\"async\" class=\"alignleft size-full wp-image-2469\" title=\"versi insaturi\" src=\"https:\/\/www.marinadellabella.it\/wp-content\/uploads\/2012\/04\/versi-insaturi.jpg\" alt=\"\" width=\"90\" height=\"134\" \/><\/a>Scrivo versi da sempre, in una specie di esercizio partito da poesie brevi, simboliche, dal ritmo appoggiato su suoni secchi e ripetuti e dalle metafore necessarie. Poi il verso si \u00e8 gradatamente allungato e addolcito, fino a perdersi quasi nella prosa. Questa parabola ha toccato il suo culmine negli anni Novanta, quando ha preso vita un lungo racconto dalle forme ancora poetiche. Avrei incontrato la prosa subito dopo, inaugurando una scrittura dai binari distinti, prosa e poesia, che si \u00e8 mantenuta fino ad oggi.<\/p>\n<p>Tornando a quei versi degli anni Novanta, oggi li definirei insaturi, per la loro diluizione imperfetta nella prosa. Benedetta quell&#8217;imperfezione, perch\u00e9 ha permesso alla mia voce poetica di sopravvivere a un forte bisogno narrativo altrimenti inconciliabile. E poi di riprendersi la sua autonomia, per quel parallelismo che ancora pratico scrivendo alternativamente in poesia e in prosa (narrativa, saggistica o mista, come in questo blog).<br \/>\nSono proprio quei versi insaturi che mi hanno fatto tornare, oppure arrivare, a forme pi\u00f9 dense e strette.<\/p>\n<p>Non so se la mia scrittura ha un andamento circolare o lineare, se la poesia di oggi sia un&#8217;evoluzione di ci\u00f2 che l&#8217;ha preceduta o se si tratti davvero di un nuovo inizio. So per\u00f2 che devo riconoscenza a quei versi spuri, anche perch\u00e9 mi hanno fatto portare dentro la poesia un mondo che andava in frantumi, mediato dalla resistenza del filtro culturale.<\/p>\n<p>Allora si stava consumando in diretta il suicidio del Novecento. E dei suoi ideali, spazzati via in Italia dal vuoto del decennio precedente, il\u00a0 cosiddetto riflusso (termine orribile con cui si definiva la fine dell&#8217;impegno degli anni Sessanta e Settanta, distrutto dal delirio terrorista e dalla repressione di stato), poi riempito dalla telenovela berlusconiana.<br \/>\nEsattamente in quel passaggio ho cominciato a esprimermi in modo differente, insaturo come la vita che osservavo e vivevo. Ne scompongo oggi il risultato in sezioni dalla struttura irregolare, chiamate stanze per indicare spazi provvisori nei quali la realt\u00e0 ha cercato rifugio. E compensazione, in uno stile impossibile come tutto il resto. Ciascuna stanza ha un numero progressivo che indica fedelmente la successione dei fatti narrati.<\/p>\n<p>Non so se tutte le stanze usciranno nel blog n\u00e9 se vi metter\u00f2 mano per avvicinarle di pi\u00f9 allo stile di oggi. So per\u00f2 che gli scenari che le hanno generate sono quelli da cui sono derivati quelli attuali, ancora peggiori per le conseguenze di giorno in giorno sempre pi\u00f9 estreme. Soprattutto per questo ho deciso di aprire il cassetto, liberando la voce che avevo vent&#8217;anni fa, alla ricerca di quel riscatto che un paese condannato a ripetersi ancora oggi ci nega.<\/p>\n","protected":false},"excerpt":{"rendered":"<p>Scrivo versi da sempre, in una specie di esercizio partito da poesie brevi, simboliche, dal ritmo appoggiato su suoni secchi e ripetuti e dalle metafore necessarie. Poi il verso si \u00e8 gradatamente allungato e addolcito, fino a perdersi quasi nella &hellip; <a href=\"https:\/\/www.marinadellabella.it\/?p=2466\">Continua a leggere<span class=\"meta-nav\">&rarr;<\/span><\/a><\/p>\n","protected":false},"author":1,"featured_media":0,"comment_status":"closed","ping_status":"open","sticky":false,"template":"","format":"standard","meta":{"footnotes":""},"categories":[13],"tags":[17],"class_list":["post-2466","post","type-post","status-publish","format-standard","hentry","category-letteratura","tag-poesia"],"_links":{"self":[{"href":"https:\/\/www.marinadellabella.it\/index.php?rest_route=\/wp\/v2\/posts\/2466","targetHints":{"allow":["GET"]}}],"collection":[{"href":"https:\/\/www.marinadellabella.it\/index.php?rest_route=\/wp\/v2\/posts"}],"about":[{"href":"https:\/\/www.marinadellabella.it\/index.php?rest_route=\/wp\/v2\/types\/post"}],"author":[{"embeddable":true,"href":"https:\/\/www.marinadellabella.it\/index.php?rest_route=\/wp\/v2\/users\/1"}],"replies":[{"embeddable":true,"href":"https:\/\/www.marinadellabella.it\/index.php?rest_route=%2Fwp%2Fv2%2Fcomments&post=2466"}],"version-history":[{"count":13,"href":"https:\/\/www.marinadellabella.it\/index.php?rest_route=\/wp\/v2\/posts\/2466\/revisions"}],"predecessor-version":[{"id":2478,"href":"https:\/\/www.marinadellabella.it\/index.php?rest_route=\/wp\/v2\/posts\/2466\/revisions\/2478"}],"wp:attachment":[{"href":"https:\/\/www.marinadellabella.it\/index.php?rest_route=%2Fwp%2Fv2%2Fmedia&parent=2466"}],"wp:term":[{"taxonomy":"category","embeddable":true,"href":"https:\/\/www.marinadellabella.it\/index.php?rest_route=%2Fwp%2Fv2%2Fcategories&post=2466"},{"taxonomy":"post_tag","embeddable":true,"href":"https:\/\/www.marinadellabella.it\/index.php?rest_route=%2Fwp%2Fv2%2Ftags&post=2466"}],"curies":[{"name":"wp","href":"https:\/\/api.w.org\/{rel}","templated":true}]}}