{"id":2533,"date":"2012-04-24T18:34:06","date_gmt":"2012-04-24T17:34:06","guid":{"rendered":"http:\/\/www.marinadellabella.it\/?p=2533"},"modified":"2014-07-07T16:01:37","modified_gmt":"2014-07-07T15:01:37","slug":"nessuna-conquista-e-per-sempre","status":"publish","type":"post","link":"https:\/\/www.marinadellabella.it\/?p=2533","title":{"rendered":"Nessuna conquista \u00e8 per sempre"},"content":{"rendered":"<span class=\"vvqbox vvqyoutube\" style=\"width:213px;height:172px;\"><span id=\"vvq-2533-youtube-1\"><a href=\"http:\/\/www.youtube.com\/watch?v=2MFuN8sRv1I\"><img decoding=\"async\" src=\"http:\/\/img.youtube.com\/vi\/2MFuN8sRv1I\/0.jpg\" alt=\"Immagine anteprima YouTube\" \/><\/a><\/span><\/span>\n<p>Nessuna conquista \u00e8 per sempre: cos\u00ec diceva Maria, figlia di uno dei sette fratelli Cervi fucilati dai fascisti. E aveva ragione. Vivere nelle proprie convinzioni non basta, occorre tanta attenzione nell&#8217;osservare i cambiamenti, tanta forza di volont\u00e0 per contrastare quelli negativi e per battere strade differenti. Il pi\u00f9 delle volte sono strade cos\u00ec in salita che non basta una vita per percorrerle tutte o per incontrare almeno una discesa che aiuti a riprendere fiato. Non fa niente, l&#8217;importante \u00e8 provarci, e potersi dire fino all&#8217;ultimo giorno: io ci ho provato.<\/p>\n<p>La Liberazione non \u00e8 cos\u00ec lontana nel tempo eppure quello che significa concretamente si \u00e8 perso nella totale dissipazione dei valori sui quali la nuova societ\u00e0 si era fondata. Non siamo stati n\u00e9 buoni custodi n\u00e9 buone staffette, e il testimone della Resistenza che non passa di mano rischia di finire sottoterra insieme agli ultimi partigiani ancora in vita. Per unire la vita di un anziano e quella di un giovanissimo c&#8217;\u00e8 rimasto pochissimo tempo, occorre un patto di memoria e di esempio da stringere in fretta. Le generazioni di mezzo non sembrano buone intermediarie, se lo fossero state oggi avremmo un paese meno fascista e razzista.<\/p>\n<p>Mi torna in mente il mio primo 25 aprile passato in un comune di destra: per caso, in Liguria, ormai pi\u00f9 di dieci anni fa. L\u00ec ho sperimentato lo spaesamento che si prova di fronte a politici che se ne infischiano dei morti ammazzati e delle libert\u00e0 conquistate. La banda cittadina suonava marcette mai sentite e l&#8217;inno di Mameli con scarsa convinzione. Una donna che mi era vicina si sent\u00ec in dovere di spiegare la brutta trasformazione del suo paese concludendo: come ci siamo ridotti, questi l&#8217;anno prossimo aboliscono anche la commemorazione.<\/p>\n<p>Anni dopo sarei andata a vivere proprio in una citt\u00e0 di destra. L\u00ec il dolore per quel che si \u00e8 perso diventa ogni giorno pi\u00f9 sordo e pi\u00f9 profondo, una specie di male che non si cura. Eppure una strada dovr\u00e0 esserci, mi dico, una strada si trover\u00e0. Intanto cammino, e consumando scarpe resisto.<\/p>\n","protected":false},"excerpt":{"rendered":"<p>Nessuna conquista \u00e8 per sempre: cos\u00ec diceva Maria, figlia di uno dei sette fratelli Cervi fucilati dai fascisti. E aveva ragione. Vivere nelle proprie convinzioni non basta, occorre tanta attenzione nell&#8217;osservare i cambiamenti, tanta forza di volont\u00e0 per contrastare quelli &hellip; <a href=\"https:\/\/www.marinadellabella.it\/?p=2533\">Continua a leggere<span class=\"meta-nav\">&rarr;<\/span><\/a><\/p>\n","protected":false},"author":1,"featured_media":0,"comment_status":"closed","ping_status":"open","sticky":false,"template":"","format":"standard","meta":{"footnotes":""},"categories":[105,10],"tags":[143,108,144,145,51],"class_list":["post-2533","post","type-post","status-publish","format-standard","hentry","category-musica","category-politica","tag-25-aprile","tag-gang","tag-la-pianura-dei-sette-fratelli","tag-modena-city-ramblers","tag-resistenza"],"_links":{"self":[{"href":"https:\/\/www.marinadellabella.it\/index.php?rest_route=\/wp\/v2\/posts\/2533","targetHints":{"allow":["GET"]}}],"collection":[{"href":"https:\/\/www.marinadellabella.it\/index.php?rest_route=\/wp\/v2\/posts"}],"about":[{"href":"https:\/\/www.marinadellabella.it\/index.php?rest_route=\/wp\/v2\/types\/post"}],"author":[{"embeddable":true,"href":"https:\/\/www.marinadellabella.it\/index.php?rest_route=\/wp\/v2\/users\/1"}],"replies":[{"embeddable":true,"href":"https:\/\/www.marinadellabella.it\/index.php?rest_route=%2Fwp%2Fv2%2Fcomments&post=2533"}],"version-history":[{"count":12,"href":"https:\/\/www.marinadellabella.it\/index.php?rest_route=\/wp\/v2\/posts\/2533\/revisions"}],"predecessor-version":[{"id":2545,"href":"https:\/\/www.marinadellabella.it\/index.php?rest_route=\/wp\/v2\/posts\/2533\/revisions\/2545"}],"wp:attachment":[{"href":"https:\/\/www.marinadellabella.it\/index.php?rest_route=%2Fwp%2Fv2%2Fmedia&parent=2533"}],"wp:term":[{"taxonomy":"category","embeddable":true,"href":"https:\/\/www.marinadellabella.it\/index.php?rest_route=%2Fwp%2Fv2%2Fcategories&post=2533"},{"taxonomy":"post_tag","embeddable":true,"href":"https:\/\/www.marinadellabella.it\/index.php?rest_route=%2Fwp%2Fv2%2Ftags&post=2533"}],"curies":[{"name":"wp","href":"https:\/\/api.w.org\/{rel}","templated":true}]}}