{"id":2546,"date":"2012-04-28T10:02:21","date_gmt":"2012-04-28T09:02:21","guid":{"rendered":"http:\/\/www.marinadellabella.it\/?p=2546"},"modified":"2014-07-07T16:01:37","modified_gmt":"2014-07-07T15:01:37","slug":"il-fiore-della-resistenza","status":"publish","type":"post","link":"https:\/\/www.marinadellabella.it\/?p=2546","title":{"rendered":"Il Fiore della Resistenza"},"content":{"rendered":"<p><a href=\"https:\/\/www.marinadellabella.it\/?attachment_id=2553\" rel=\"attachment wp-att-2553\"><img loading=\"lazy\" decoding=\"async\" class=\"alignleft size-full wp-image-2553\" title=\"Exif_JPEG_422\" alt=\"\" src=\"https:\/\/www.marinadellabella.it\/wp-content\/uploads\/2012\/04\/Fiore-Chiuso-e1335603628317.jpg\" width=\"292\" height=\"219\" \/><\/a>Vi racconto il 25 aprile da queste parti: in piazza un presidente della repubblica che, ancora una volta fuori dal solco istituzionale, se la prende con un movimento di cittadini candidato alle prossime amministrative; poco lontano Forza nuova autorizzata a manifestare; pi\u00f9 oltre il mercato, con bancarelle e negozi aperti mattina e sera. Tutto nel giro di pochi chilometri: un po&#8217; di campagna elettorale filogovernativa, un po&#8217; di sincero nazifascismo, e tanto tanto shopping. Tre fatti ugualmente gravi, che insieme rappresentano la prova pi\u00f9 evidente di quanto si sia ormai lontani dai valori della Resistenza. Sul primo e sul secondo fatto, non essendo novit\u00e0, c&#8217;\u00e8 poco da dire, se non per gli strascichi successivi: delle parole del presidente della repubblica, ripetute pi\u00f9 o meno a memoria nei giorni successivi da giornalisti e rappresentanti di partito che, vittime della loro stessa inaffidabilit\u00e0, tentano in ogni modo di rimanere a galla; della pericolosit\u00e0 crescente di Forza nuova, che nel frattempo ha minacciato di morte il magistrato antimafia Antonio Ingroia in un proclama delirante che inneggia alla guerra civile.<\/p>\n<p>Sul terzo fatto, del tutto nuovo, c&#8217;\u00e8 invece da dire che \u00e8 effetto delle liberalizzazioni introdotte dal governo Monti, da chi l&#8217;ha voluto e da chi lo sostiene. Qualcuno provi a spiegarmi quali risultati positivi si possono ottenere rendendo liberi orari e giornate di apertura degli esercizi commerciali. La tendenza che ne consegue \u00e8 l&#8217;ampliamento di orario e non certo una restrizione, magari razionalizzata e pi\u00f9 sostenibile. Tutti si vedono costretti ad aprire di pi\u00f9 per vendere gli stessi quantitativi o anche meno, perch\u00e9 l&#8217;orario prolungato non risolve il problema di fondo che \u00e8 la mancanza di soldi per comprare. Inoltre, come potranno i piccoli esercenti creare nuovi posti di lavoro per aprire di pi\u00f9? Ci sono negozi che a malapena vanno avanti con una o due persone, che saranno costrette a intensificare la loro presenza l\u00ec e non a casa, ad esempio. Come potranno gestire i carichi familiari, i figli, gli anziani? E se stessi? Ma si sa che il mercato funziona cos\u00ec, i pesci grossi mangiano quelli piccoli, e nei pensieri di questo governo c&#8217;\u00e8 la grande distribuzione e non certo la sopravvivenza &#8211; fisica, psichica, economica, familiare &#8211; del piccolo bottegaio di quartiere.<\/p>\n<p>Il 25 aprile ho camminato dalla mattina alla sera nella citt\u00e0 in cui vivo alla ricerca di un negozio chiuso. Alla fine l&#8217;ho trovato, e siccome non credevo ai miei occhi ho pure fotografato il cartello: &#8220;25 APRILE CHIUSO&#8221;. Ti\u00e8! Si tratta del piccolo alimentari di Fiorenzo, detto Fiore, da cui andavo quando ancora abitavo sul porto canale. Fiore \u00e8 un artista dei panini, li farcisce con grande fantasia e dedizione. Gli sono riconoscente per tutti i panini che mi ha fatto ma anche per quella saracinesca chiusa, che mi ha reso la giornata un po&#8217; meno amara.<\/p>\n<p>In quello stesso giorno Monti accostava la Resistenza a questo periodo di crisi, coprendo con il drappo di Finanza &amp; Mercato quel che ancora restava, almeno nell&#8217;immaginario, di una societ\u00e0 pi\u00f9 giusta e soprattutto pi\u00f9 libera. Di fonte alla sua cinica e agghiacciante coerenza ne occorre un&#8217;altra di diverso segno, nelle piccole grandi scelte di tutti i giorni. Ad esempio, possiamo rifiutarci di comprare nei giorni di festa e in orari impossibili. Se siamo liberi soltanto in orari impossibili, possiamo chiedere una mano agli amici o, se ce lo possiamo permettere, possiamo pagare chi \u00e8 senza lavoro perch\u00e9 faccia la spesa per noi. Inoltre boicottiamo la grande distribuzione, specie se aderisce ai grandi orari e apre di domenica e nelle feste civili e religiose. Se non l&#8217;abbiamo fatto finora, cominciamo dalla data pi\u00f9 prossima cio\u00e8 il primo maggio.<\/p>\n<p>Mi rendo conto che parlare di comprare in un certo modo stride con questa crisi nera in cui pochi possono permetterselo, ma a maggiore ragione chi pu\u00f2 deve spostare il pi\u00f9 possibile l&#8217;economia dalla ricchezza sempre pi\u00f9 garantita alla povert\u00e0 sempre pi\u00f9 abbandonata a se stessa. Anche per un motivo, se vogliamo, semplicemente egoistico: chi oggi pu\u00f2 e non fa, domani non potr\u00e0 che accrescere la schiera dei nuovi poveri.<\/p>\n","protected":false},"excerpt":{"rendered":"<p>Vi racconto il 25 aprile da queste parti: in piazza un presidente della repubblica che, ancora una volta fuori dal solco istituzionale, se la prende con un movimento di cittadini candidato alle prossime amministrative; poco lontano Forza nuova autorizzata a &hellip; <a href=\"https:\/\/www.marinadellabella.it\/?p=2546\">Continua a leggere<span class=\"meta-nav\">&rarr;<\/span><\/a><\/p>\n","protected":false},"author":1,"featured_media":0,"comment_status":"closed","ping_status":"open","sticky":false,"template":"","format":"standard","meta":{"footnotes":""},"categories":[10],"tags":[143,375,51],"class_list":["post-2546","post","type-post","status-publish","format-standard","hentry","category-politica","tag-25-aprile","tag-liberalizzazioni","tag-resistenza"],"_links":{"self":[{"href":"https:\/\/www.marinadellabella.it\/index.php?rest_route=\/wp\/v2\/posts\/2546","targetHints":{"allow":["GET"]}}],"collection":[{"href":"https:\/\/www.marinadellabella.it\/index.php?rest_route=\/wp\/v2\/posts"}],"about":[{"href":"https:\/\/www.marinadellabella.it\/index.php?rest_route=\/wp\/v2\/types\/post"}],"author":[{"embeddable":true,"href":"https:\/\/www.marinadellabella.it\/index.php?rest_route=\/wp\/v2\/users\/1"}],"replies":[{"embeddable":true,"href":"https:\/\/www.marinadellabella.it\/index.php?rest_route=%2Fwp%2Fv2%2Fcomments&post=2546"}],"version-history":[{"count":17,"href":"https:\/\/www.marinadellabella.it\/index.php?rest_route=\/wp\/v2\/posts\/2546\/revisions"}],"predecessor-version":[{"id":3792,"href":"https:\/\/www.marinadellabella.it\/index.php?rest_route=\/wp\/v2\/posts\/2546\/revisions\/3792"}],"wp:attachment":[{"href":"https:\/\/www.marinadellabella.it\/index.php?rest_route=%2Fwp%2Fv2%2Fmedia&parent=2546"}],"wp:term":[{"taxonomy":"category","embeddable":true,"href":"https:\/\/www.marinadellabella.it\/index.php?rest_route=%2Fwp%2Fv2%2Fcategories&post=2546"},{"taxonomy":"post_tag","embeddable":true,"href":"https:\/\/www.marinadellabella.it\/index.php?rest_route=%2Fwp%2Fv2%2Ftags&post=2546"}],"curies":[{"name":"wp","href":"https:\/\/api.w.org\/{rel}","templated":true}]}}