{"id":2585,"date":"2012-05-02T08:50:39","date_gmt":"2012-05-02T07:50:39","guid":{"rendered":"http:\/\/www.marinadellabella.it\/?p=2585"},"modified":"2014-07-07T16:01:18","modified_gmt":"2014-07-07T15:01:18","slug":"era-la-festa-del-lavoro","status":"publish","type":"post","link":"https:\/\/www.marinadellabella.it\/?p=2585","title":{"rendered":"Era la festa del lavoro"},"content":{"rendered":"<p><a rel=\"attachment wp-att-2598\" href=\"https:\/\/www.marinadellabella.it\/?attachment_id=2598\"><img loading=\"lazy\" decoding=\"async\" class=\"alignleft size-full wp-image-2598\" title=\"suicidio\" src=\"https:\/\/www.marinadellabella.it\/wp-content\/uploads\/2012\/05\/suicidio1-e1335945232882.jpg\" alt=\"\" width=\"200\" height=\"149\" \/><\/a>Il primo maggio era la festa del lavoro, oggi \u00e8 un misto irriconoscibile: giornata di lavoro come tutte le altre, giornata di lutto per chi muore di lavoro o di crisi. Spero tanto che qualcuno stia tenendo la lista delle morti bianche e quella dei suicidi di ogni et\u00e0 e condizione sociale, che si allungano di giorno in giorno.<\/p>\n<p>Se il mercato comanda, uccide: c&#8217;\u00e8 poco da fare. Pennivendoli e pseudointellettuali, che si buttano sempre dalla parte che pi\u00f9 a loro conviene, possono sprecare tutto l&#8217;inchiostro che vogliono per spiegarci che il mercato ha sfamato e il comunismo ucciso milioni di persone: le liste dei morti per neoliberismo chi le aggiorna, la Bocconi o Il Corriere della sera?<\/p>\n<p>Nunzia a settantotto anni \u00e8 volata dal balcone a Gela, Dimitris a settantasette anni si \u00e8 sparato in piazza Syntagma, davanti al parlamento greco: erano due pensionati. L&#8217;elenco potrebbe continuare con nomi di imprenditori, licenziati e disoccupati, in Italia come in Grecia. Muoiono giovani, uomini di mezza et\u00e0, a volte pieni di vita e anche politicamente impegnati.<\/p>\n<p>Questo \u00e8 il volto feroce della ristrutturazione del capitale drogato dalla finanza, transnazionale, cinico oltre ogni umana misura. E osceno, perch\u00e9 quando anche la morte viene ricondotta all&#8217;ineluttabilit\u00e0 di un destino economico, e posta quindi sullo stesso piano o addirittura al di sotto delle necessit\u00e0 dettate dalla ragione di mercato, vuol dire che si \u00e8 compiuto pienamente quel rovesciamento di valori che sottopone l&#8217;umanit\u00e0 come oggetto e merce all&#8217;onnipotenza incontrollata di qualche carnefice.<\/p>\n<p>Il sistema ci vorrebbe esattamente cos\u00ec, devitalizzati, fuori dal circuito delle decisioni, pronti in fila per una morte autoprocurata che ci eviti di gravare sul bilancio dello stato. A una simile aberrazione non bisogna arrendersi, cedendo alla paura o pi\u00f9 semplicemente\u00a0 abituandosi. Guai a isolarsi, a chiudersi nella vergogna di un fallimento, nell&#8217;impotenza che schiaccia, nel senso di colpa che annienta.<\/p>\n<p>Oltre a quello che pu\u00f2 essere fatto con la sola buona volont\u00e0 servono anche professionisti: psicoterapeuti di strada, disponibili gratuitamente per chi non ce la fa. Esistono gi\u00e0 in Italia esperienze simili?<\/p>\n","protected":false},"excerpt":{"rendered":"<p>Il primo maggio era la festa del lavoro, oggi \u00e8 un misto irriconoscibile: giornata di lavoro come tutte le altre, giornata di lutto per chi muore di lavoro o di crisi. Spero tanto che qualcuno stia tenendo la lista delle &hellip; <a href=\"https:\/\/www.marinadellabella.it\/?p=2585\">Continua a leggere<span class=\"meta-nav\">&rarr;<\/span><\/a><\/p>\n","protected":false},"author":1,"featured_media":0,"comment_status":"closed","ping_status":"open","sticky":false,"template":"","format":"standard","meta":{"footnotes":""},"categories":[72],"tags":[146],"class_list":["post-2585","post","type-post","status-publish","format-standard","hentry","category-crisi-economica","tag-suicidio"],"_links":{"self":[{"href":"https:\/\/www.marinadellabella.it\/index.php?rest_route=\/wp\/v2\/posts\/2585","targetHints":{"allow":["GET"]}}],"collection":[{"href":"https:\/\/www.marinadellabella.it\/index.php?rest_route=\/wp\/v2\/posts"}],"about":[{"href":"https:\/\/www.marinadellabella.it\/index.php?rest_route=\/wp\/v2\/types\/post"}],"author":[{"embeddable":true,"href":"https:\/\/www.marinadellabella.it\/index.php?rest_route=\/wp\/v2\/users\/1"}],"replies":[{"embeddable":true,"href":"https:\/\/www.marinadellabella.it\/index.php?rest_route=%2Fwp%2Fv2%2Fcomments&post=2585"}],"version-history":[{"count":15,"href":"https:\/\/www.marinadellabella.it\/index.php?rest_route=\/wp\/v2\/posts\/2585\/revisions"}],"predecessor-version":[{"id":2599,"href":"https:\/\/www.marinadellabella.it\/index.php?rest_route=\/wp\/v2\/posts\/2585\/revisions\/2599"}],"wp:attachment":[{"href":"https:\/\/www.marinadellabella.it\/index.php?rest_route=%2Fwp%2Fv2%2Fmedia&parent=2585"}],"wp:term":[{"taxonomy":"category","embeddable":true,"href":"https:\/\/www.marinadellabella.it\/index.php?rest_route=%2Fwp%2Fv2%2Fcategories&post=2585"},{"taxonomy":"post_tag","embeddable":true,"href":"https:\/\/www.marinadellabella.it\/index.php?rest_route=%2Fwp%2Fv2%2Ftags&post=2585"}],"curies":[{"name":"wp","href":"https:\/\/api.w.org\/{rel}","templated":true}]}}