{"id":2602,"date":"2012-05-13T11:21:07","date_gmt":"2012-05-13T10:21:07","guid":{"rendered":"http:\/\/www.marinadellabella.it\/?p=2602"},"modified":"2014-07-07T16:01:18","modified_gmt":"2014-07-07T15:01:18","slug":"il-cerchio-della-paura","status":"publish","type":"post","link":"https:\/\/www.marinadellabella.it\/?p=2602","title":{"rendered":"Il cerchio della paura"},"content":{"rendered":"<p><em><a rel=\"attachment wp-att-2611\" href=\"https:\/\/www.marinadellabella.it\/?attachment_id=2611\"><img loading=\"lazy\" decoding=\"async\" class=\"alignleft size-full wp-image-2611\" title=\"Consiglio dei ministri\" src=\"https:\/\/www.marinadellabella.it\/wp-content\/uploads\/2012\/05\/Consiglio-dei-ministri1.jpg\" alt=\"\" width=\"284\" height=\"177\" \/><\/a>&#8220;L&#8217;offensiva dell&#8217;accumulazione neoliberista passa evidentemente attraverso la distruzione dei diritti sociali esistenti, attuata attraverso la criminalizzazione delle resistenze popolari (col pretesto in particolare di emanare legislazioni \u201cantiterroriste\u201d). Viene cos\u00ec disposta una panoplia di ordinamenti che vanno a costituire una sorta di nuova \u201clegge sui poveri\u201d, mirante a rafforzare il controllo sociale&#8230; Ma in risposta a tutto ci\u00f2 emergono nuove forme di resistenza da parte delle popolazioni spossessate&#8230; in nome della difesa dei servizi pubblici, della sovranit\u00e0 energetica e alimentare&#8230;, dei beni comuni (acqua, terra, aria, risorse biologiche ed ambientali)&#8230; O, pi\u00f9 semplicemente, si scatenano lotte per il diritto di avere diritti&#8230;<\/em>&#8221; (<em>Gli spossessati<\/em>, Ombre corte, 2009, p. 73).<\/p>\n<p>Le parole di Daniel Bensa\u00efd, filosofo francese scomparso qualche anno fa, tracciano una fotografia anche dell&#8217;Italia di oggi. Qui i tentativi dal basso di difendere beni, servizi pubblici e diritti hanno come contraltare lo spossessamento attuato dall&#8217;alto per decretazione d&#8217;urgenza. Questo non pu\u00f2 che accompagnarsi a un regime di paura, a uno stato di polizia che si anticipa nelle parole di ministri e giornalisti compiacenti. Pericolo terrorismo e intervento dell&#8217;esercito sbattuti in prima pagina, sostenuti da teoremi giornalistici che collegano forme di critica e di impegno sociale a chiss\u00e0 quale oscura regia eversiva, non fanno che accrescere insicurezza e paura in chi gi\u00e0 soffre di precariet\u00e0, di crisi economica e anche dell&#8217;impossibilit\u00e0 di autodeterminarsi attraverso pratiche positive e collettive che ridiano futuro.<\/p>\n<p>Per un&#8217;analisi chiara di come ha sempre agito la violenza in Italia, di piazza e clandestina, occorrerebbero almeno due condizioni: una lettura trasparente del funzionamento dei servizi segreti e delle forze di sicurezza pubblica e la rinuncia a ogni strumentalizzazione per fini di controllo sociale. N\u00e9 l&#8217;una n\u00e9 l&#8217;altra sono all&#8217;ordine del giorno del governo, che ha appena nominato sottosegretario all&#8217;intelligence Gianni De Gennaro, parte di quella catena di comando che a Genova nel 2001 determin\u00f2 ci\u00f2 che Amnesty International definisce <em>&#8220;la pi\u00f9 grave sospensione dei diritti democratici in un Paese occidentale dopo la seconda guerra mondiale&#8221;<\/em>. E che utilizza un attentato (su cui sono in corso indagini) e alcuni atti di ribellione (dovuti principalmente all&#8217;esasperazione per la crisi) per inoculare nel paese la paura e per giustificare un controllo pi\u00f9 forte del territorio.<\/p>\n<p>La paura sposta l&#8217;attenzione dai veri problemi, toglie lucidit\u00e0 e forza, rende deboli, subordinati, ricattabili. Il pugno di ferro \u00e8 la negazione dell&#8217;intelligenza umana e la scorciatoia pi\u00f9 facile per l&#8217;autoritarismo.<\/p>\n<p>Alla svolta autoritaria, che nell&#8217;occupazione forzosa delle istituzioni di fatto in Italia si \u00e8 gi\u00e0 compiuta, manca non tanto il pugno di ferro (gi\u00e0 all&#8217;opera un po&#8217; ovunque) quanto la sua legittimazione per decreto d&#8217;urgenza. Ma a breve arriver\u00e0 anche quella, perch\u00e9 serve a portare a termine senza troppi intralci quello che Bensa\u00efd chiama <em>spossessamento<\/em>, e che pu\u00f2 definirsi costo di una crisi di sistema scaricato sui deboli, affinch\u00e9 il sistema stesso e i suoi potenti ne escano indenni e rafforzati. Inoltre, chi non ha interesse ad intervenire sulle cause del disagio sociale non ha certo intenzione di gestirne le conseguenze.<\/p>\n<p>Cos\u00ec il cerchio si chiude e il giro ricomincia, con disagio sociale, violenza, paura e autoritarismo autoprodotti da chi ci governa per la sua sola sopravvivenza. Per la nostra, invece, non c&#8217;\u00e8 altra strada che uscire da quel cerchio.<\/p>\n","protected":false},"excerpt":{"rendered":"<p>&#8220;L&#8217;offensiva dell&#8217;accumulazione neoliberista passa evidentemente attraverso la distruzione dei diritti sociali esistenti, attuata attraverso la criminalizzazione delle resistenze popolari (col pretesto in particolare di emanare legislazioni \u201cantiterroriste\u201d). Viene cos\u00ec disposta una panoplia di ordinamenti che vanno a costituire una sorta &hellip; <a href=\"https:\/\/www.marinadellabella.it\/?p=2602\">Continua a leggere<span class=\"meta-nav\">&rarr;<\/span><\/a><\/p>\n","protected":false},"author":1,"featured_media":0,"comment_status":"closed","ping_status":"open","sticky":false,"template":"","format":"standard","meta":{"footnotes":""},"categories":[72,10],"tags":[147,149,148],"class_list":["post-2602","post","type-post","status-publish","format-standard","hentry","category-crisi-economica","category-politica","tag-daniel-bensaid","tag-paura","tag-terrorismo"],"_links":{"self":[{"href":"https:\/\/www.marinadellabella.it\/index.php?rest_route=\/wp\/v2\/posts\/2602","targetHints":{"allow":["GET"]}}],"collection":[{"href":"https:\/\/www.marinadellabella.it\/index.php?rest_route=\/wp\/v2\/posts"}],"about":[{"href":"https:\/\/www.marinadellabella.it\/index.php?rest_route=\/wp\/v2\/types\/post"}],"author":[{"embeddable":true,"href":"https:\/\/www.marinadellabella.it\/index.php?rest_route=\/wp\/v2\/users\/1"}],"replies":[{"embeddable":true,"href":"https:\/\/www.marinadellabella.it\/index.php?rest_route=%2Fwp%2Fv2%2Fcomments&post=2602"}],"version-history":[{"count":16,"href":"https:\/\/www.marinadellabella.it\/index.php?rest_route=\/wp\/v2\/posts\/2602\/revisions"}],"predecessor-version":[{"id":2618,"href":"https:\/\/www.marinadellabella.it\/index.php?rest_route=\/wp\/v2\/posts\/2602\/revisions\/2618"}],"wp:attachment":[{"href":"https:\/\/www.marinadellabella.it\/index.php?rest_route=%2Fwp%2Fv2%2Fmedia&parent=2602"}],"wp:term":[{"taxonomy":"category","embeddable":true,"href":"https:\/\/www.marinadellabella.it\/index.php?rest_route=%2Fwp%2Fv2%2Fcategories&post=2602"},{"taxonomy":"post_tag","embeddable":true,"href":"https:\/\/www.marinadellabella.it\/index.php?rest_route=%2Fwp%2Fv2%2Ftags&post=2602"}],"curies":[{"name":"wp","href":"https:\/\/api.w.org\/{rel}","templated":true}]}}