{"id":2627,"date":"2012-05-19T08:56:22","date_gmt":"2012-05-19T07:56:22","guid":{"rendered":"http:\/\/www.marinadellabella.it\/?p=2627"},"modified":"2014-07-07T16:01:18","modified_gmt":"2014-07-07T15:01:18","slug":"intervallo","status":"publish","type":"post","link":"https:\/\/www.marinadellabella.it\/?p=2627","title":{"rendered":"Intervallo"},"content":{"rendered":"<p><a rel=\"attachment wp-att-2632\" href=\"https:\/\/www.marinadellabella.it\/?attachment_id=2632\"><img loading=\"lazy\" decoding=\"async\" class=\"alignleft size-full wp-image-2632\" title=\"Parma Piazzale della pace\" src=\"https:\/\/www.marinadellabella.it\/wp-content\/uploads\/2012\/05\/Parma-Piazzale-della-pace.jpg\" alt=\"\" width=\"393\" height=\"128\" srcset=\"https:\/\/www.marinadellabella.it\/wp-content\/uploads\/2012\/05\/Parma-Piazzale-della-pace.jpg 393w, https:\/\/www.marinadellabella.it\/wp-content\/uploads\/2012\/05\/Parma-Piazzale-della-pace-300x97.jpg 300w\" sizes=\"auto, (max-width: 393px) 100vw, 393px\" \/><\/a>In queste ore di silenzio elettorale prima dei ballottaggi in varie citt\u00e0 italiane faccio passare sullo schermo parole di quarant&#8217;anni fa, sempre pi\u00f9 convinta che per fortuna alcuni tentativi di ricostruzione (confusi, difficili, tanto ostacolati quanto necessari) siano in corso. Si tratta di processi sociali che avanzano, nonostante la potenza di fuoco dei poteri finanziari e partitici, nonostante l&#8217;asservimento dei media, e anche indipendentemente dai risultati elettorali.<\/p>\n<p><em>&#8220;In un tempo brevissimo, la popolazione perder\u00e0 fiducia non soltanto delle istituzioni dominanti, ma anche di quelle specificamente addette a gestire la crisi. Da un giorno all&#8217;altro importanti istituzioni perderanno ogni rispettabilit\u00e0, qualunque legittimit\u00e0, insieme con la loro reputazione di servire il bene pubblico. <\/em><\/p>\n<p><em>Bisognerebbe essere indovini per predire quale serie di eventi svolger\u00e0 il ruolo del crollo di Wall Street e scatener\u00e0 la crisi incombente; ma non occorre essere geni per prevedere che si tratter\u00e0 della prima crisi mondiale non pi\u00f9 localizzata dentro il sistema, ma che metter\u00e0 in gioco il sistema in s\u00e9. <\/em><\/p>\n<p><em>Ci resta ancora una possibilit\u00e0 di capire le cause della crisi globale che ci minaccia e di prepararci appunto a non confonderla con una crisi parziale, interna al sistema. Se vogliamo anticiparne gli effetti, dobbiamo indagare in che modo una brusca trasformazione potr\u00e0 condurre al potere gruppi sociali fino a quel momento soffocati. Essi non costituiscono un partito, ma sono i portaparola di una maggioranza di cui ognuno potenzialmente fa parte. I loro appelli all&#8217;austerit\u00e0 equilibrata e gioiosa potranno assumere il valore di un programma, spiegando chiaramente che cosa vogliono, che cosa possono e di che cosa non hanno bisogno. <\/em><\/p>\n<p><em>Non mi riferisco a un partito politico destinato a prendere il potere nel momento della crisi. Lo Stato-nazione \u00e8 diventato guardiano di strumenti cos\u00ec potenti che non pu\u00f2 pi\u00f9 svolgere il suo ruolo di quadro politico. I partiti sostengono uno Stato il cui scopo dichiarato \u00e8 la crescita del Prodotto interno lordo: \u00e8 inutile contare su di essi quando arriver\u00e0 il peggio. <\/em><\/p>\n<p><em>Una crisi generalizzata apre la strada a una ricostruzione della societ\u00e0&#8221;<\/em><\/p>\n<p><em>(da: <\/em>Ivan Illich, <em>La convivialit\u00e9<\/em>, 1973<em>)<\/em><\/p>\n","protected":false},"excerpt":{"rendered":"<p>In queste ore di silenzio elettorale prima dei ballottaggi in varie citt\u00e0 italiane faccio passare sullo schermo parole di quarant&#8217;anni fa, sempre pi\u00f9 convinta che per fortuna alcuni tentativi di ricostruzione (confusi, difficili, tanto ostacolati quanto necessari) siano in corso. &hellip; <a href=\"https:\/\/www.marinadellabella.it\/?p=2627\">Continua a leggere<span class=\"meta-nav\">&rarr;<\/span><\/a><\/p>\n","protected":false},"author":1,"featured_media":0,"comment_status":"closed","ping_status":"open","sticky":false,"template":"","format":"standard","meta":{"footnotes":""},"categories":[10],"tags":[150],"class_list":["post-2627","post","type-post","status-publish","format-standard","hentry","category-politica","tag-ivan-illich"],"_links":{"self":[{"href":"https:\/\/www.marinadellabella.it\/index.php?rest_route=\/wp\/v2\/posts\/2627","targetHints":{"allow":["GET"]}}],"collection":[{"href":"https:\/\/www.marinadellabella.it\/index.php?rest_route=\/wp\/v2\/posts"}],"about":[{"href":"https:\/\/www.marinadellabella.it\/index.php?rest_route=\/wp\/v2\/types\/post"}],"author":[{"embeddable":true,"href":"https:\/\/www.marinadellabella.it\/index.php?rest_route=\/wp\/v2\/users\/1"}],"replies":[{"embeddable":true,"href":"https:\/\/www.marinadellabella.it\/index.php?rest_route=%2Fwp%2Fv2%2Fcomments&post=2627"}],"version-history":[{"count":17,"href":"https:\/\/www.marinadellabella.it\/index.php?rest_route=\/wp\/v2\/posts\/2627\/revisions"}],"predecessor-version":[{"id":2645,"href":"https:\/\/www.marinadellabella.it\/index.php?rest_route=\/wp\/v2\/posts\/2627\/revisions\/2645"}],"wp:attachment":[{"href":"https:\/\/www.marinadellabella.it\/index.php?rest_route=%2Fwp%2Fv2%2Fmedia&parent=2627"}],"wp:term":[{"taxonomy":"category","embeddable":true,"href":"https:\/\/www.marinadellabella.it\/index.php?rest_route=%2Fwp%2Fv2%2Fcategories&post=2627"},{"taxonomy":"post_tag","embeddable":true,"href":"https:\/\/www.marinadellabella.it\/index.php?rest_route=%2Fwp%2Fv2%2Ftags&post=2627"}],"curies":[{"name":"wp","href":"https:\/\/api.w.org\/{rel}","templated":true}]}}