{"id":2731,"date":"2012-06-15T17:37:48","date_gmt":"2012-06-15T16:37:48","guid":{"rendered":"http:\/\/www.marinadellabella.it\/?p=2731"},"modified":"2014-07-07T16:01:18","modified_gmt":"2014-07-07T15:01:18","slug":"i-cavalieri-erranti","status":"publish","type":"post","link":"https:\/\/www.marinadellabella.it\/?p=2731","title":{"rendered":"I cavalieri erranti"},"content":{"rendered":"<span class=\"vvqbox vvqyoutube\" style=\"width:0px;height:0px;\"><span id=\"vvq-2731-youtube-1\"><a href=\"http:\/\/www.youtube.com\/watch?v=k84G4ODpBsE\"><img decoding=\"async\" src=\"http:\/\/img.youtube.com\/vi\/k84G4ODpBsE\/0.jpg\" alt=\"Immagine anteprima YouTube\" \/><\/a><\/span><\/span>\n<p>A quattordici anni leggevo l&#8217;Internazionale, giornale anarchico stampato in Ancona, che arrivava in sole due copie nell&#8217;edicola del mio paese che stava in fondo al corso. La giornalaia puntuale come un orologio me ne toglieva una copia. Ero una ragazzina, e percorrevo tutta la strada fino a l\u00ec combattuta tra timidezza e orgoglio per quella scelta cos\u00ec insolita. Poi me ne tornavo a casa per leggere impaziente tutto quello che c&#8217;era scritto: sentivo come miei quegli ideali cos\u00ec grandi e giusti, mi indicavano una strada da seguire, una soluzione alle domande che si affollavano dentro la mia mente di adolescente.<\/p>\n<p>Poi venne il tempo delle letture e delle scelte giovanili, differenti soprattutto per i modi con cui perseguivano ideali simili. Altre strade, che non mi impedirono per\u00f2 di incontrare anche anarchici con cui ho camminato un po&#8217;: pochi ma buoni, limpidi e generosi, capaci di un sogno, coerenti per una vita intera. Ricordo riunioni interminabili per discutere sulla destinazione di un archivio alla morte del curatore, e poi i racconti su Malatesta e sulla Settimana rossa, sulle riunioni clandestine e sugli arresti preventivi quando passava il re, sulla guerra di Spagna. A volte i fatti trascoloravano in leggenda, tramandando senso e bellezza, coraggio e umanit\u00e0.<\/p>\n<p>Per questo provo un grande fastidio tutte le volte che la parola &#8220;anarchico&#8221; viene associata ad atti di violenza e utilizzata per montare campagne, governative e di stampa, utili soltanto a coprire le vere ingiustizie. Si fa presto a dire anarchico, da sempre si fa presto a dirlo.<\/p>\n<p>Intanto spuntano come funghi specie nuove di non si sa quale tipo di anarchia: insurrezionalista, informale, e altre ancora che presto si aggiungeranno, perch\u00e9 fanno un gran comodo a chi rimesta nel torbido e a chi sul quel torbido appoggia strategie di controllo e forza muscolare.<\/p>\n<p>Proprio mentre sulla stampa appariva in pompa magna il resoconto di un&#8217;operazione di polizia, che rivela collegamenti tra anarchici in carcere e cospiratori e presunti attentatori a piede libero, mi \u00e8 arrivata la notizia di un anarchico del mio paese che se n&#8217;\u00e8 andato per sempre. Era un uomo buono e onesto, terzo di tre fratelli cresciuti a pane e libert\u00e0: questi sono gli anarchici, e questi voglio ricordare.<\/p>\n","protected":false},"excerpt":{"rendered":"<p>A quattordici anni leggevo l&#8217;Internazionale, giornale anarchico stampato in Ancona, che arrivava in sole due copie nell&#8217;edicola del mio paese che stava in fondo al corso. La giornalaia puntuale come un orologio me ne toglieva una copia. Ero una ragazzina, &hellip; <a href=\"https:\/\/www.marinadellabella.it\/?p=2731\">Continua a leggere<span class=\"meta-nav\">&rarr;<\/span><\/a><\/p>\n","protected":false},"author":1,"featured_media":0,"comment_status":"closed","ping_status":"open","sticky":false,"template":"","format":"standard","meta":{"footnotes":""},"categories":[1],"tags":[377],"class_list":["post-2731","post","type-post","status-publish","format-standard","hentry","category-uncategorized","tag-anarchia"],"_links":{"self":[{"href":"https:\/\/www.marinadellabella.it\/index.php?rest_route=\/wp\/v2\/posts\/2731","targetHints":{"allow":["GET"]}}],"collection":[{"href":"https:\/\/www.marinadellabella.it\/index.php?rest_route=\/wp\/v2\/posts"}],"about":[{"href":"https:\/\/www.marinadellabella.it\/index.php?rest_route=\/wp\/v2\/types\/post"}],"author":[{"embeddable":true,"href":"https:\/\/www.marinadellabella.it\/index.php?rest_route=\/wp\/v2\/users\/1"}],"replies":[{"embeddable":true,"href":"https:\/\/www.marinadellabella.it\/index.php?rest_route=%2Fwp%2Fv2%2Fcomments&post=2731"}],"version-history":[{"count":11,"href":"https:\/\/www.marinadellabella.it\/index.php?rest_route=\/wp\/v2\/posts\/2731\/revisions"}],"predecessor-version":[{"id":2742,"href":"https:\/\/www.marinadellabella.it\/index.php?rest_route=\/wp\/v2\/posts\/2731\/revisions\/2742"}],"wp:attachment":[{"href":"https:\/\/www.marinadellabella.it\/index.php?rest_route=%2Fwp%2Fv2%2Fmedia&parent=2731"}],"wp:term":[{"taxonomy":"category","embeddable":true,"href":"https:\/\/www.marinadellabella.it\/index.php?rest_route=%2Fwp%2Fv2%2Fcategories&post=2731"},{"taxonomy":"post_tag","embeddable":true,"href":"https:\/\/www.marinadellabella.it\/index.php?rest_route=%2Fwp%2Fv2%2Ftags&post=2731"}],"curies":[{"name":"wp","href":"https:\/\/api.w.org\/{rel}","templated":true}]}}