{"id":2810,"date":"2012-07-16T07:43:45","date_gmt":"2012-07-16T06:43:45","guid":{"rendered":"http:\/\/www.marinadellabella.it\/?p=2810"},"modified":"2014-07-07T16:03:40","modified_gmt":"2014-07-07T15:03:40","slug":"uno-tsunami-piccolo-piccolo","status":"publish","type":"post","link":"https:\/\/www.marinadellabella.it\/?p=2810","title":{"rendered":"Uno tsunami piccolo piccolo"},"content":{"rendered":"<p><a href=\"https:\/\/www.marinadellabella.it\/?attachment_id=2815\" rel=\"attachment wp-att-2815\"><img loading=\"lazy\" decoding=\"async\" class=\"alignleft  wp-image-2815\" title=\"tsunami Tirreno\" src=\"https:\/\/www.marinadellabella.it\/wp-content\/uploads\/2012\/07\/tsunami-Tirreno1-e1342420904511.jpg\" alt=\"\" width=\"245\" height=\"146\" \/><\/a>Gioved\u00ec scorso un\u2019onda anomala ha attraversato il basso Tirreno da nord a sud ed \u00e8 stata misurata dall\u2019Ispra (Istituto per la protezione e le ricerche ambientali) da La Spezia a Palermo. A Gaeta, per esempio, il fenomeno \u00e8 durato circa tre ore, con il mare che si ritirava dalla costa di venti-trenta metri e tornava ogni tre-cinque minuti con un&#8217;onda alta quasi un metro. Gli esperti hanno parlato di piccolo tsunami per via della frequenza: superiore a quella di uno tsunami (un\u2019onda ogni 3-5 minuti) e inferiore a quella di una tempesta (con onde a intervalli di pochi secondi). Hanno anche ipotizzato l&#8217;origine meteorologica, riferendosi a cambiamenti di clima repentini.<\/p>\n<p>Sorgono almeno tre considerazioni. Si verificano manifestazioni naturali nuove, impreviste e pericolose, ma il degrado ambientale a cui si riconducono non \u00e8 trattato come un&#8217;emergenza. Al contrario, invece di essere ridotto si accresce, per via di scelte irresponsabili che inseguono un utile privato e momentaneo. I media tacciono, riducono o manipolano notizie di interesse collettivo, impedendoci di guardare in faccia la realt\u00e0.<\/p>\n<p>In questo caso in particolare, la scarsa rilevanza data a una notizia cos\u00ec grave e preoccupante poteva far pensare a una bufala estiva. E invece si trattava del solito trattamento al ribasso, riservato alle informazioni scomode o non gradite all&#8217;establishment.<\/p>\n<p>In www.repubblica.it si pu\u00f2 anche leggere che &#8220;la Protezione civile non ha voluto diramare comunicati da una parte per non creare panico sulle spiagge \u2014 tutelando, cos\u00ec, gli interessi degli imprenditori balneari \u2014 e dall\u2019altra perch\u00e9 il fenomeno non \u00e8 stato spiegato n\u00e9\u00a0 compiutamente compreso&#8221;. Pi\u00f9 tranquilli di cos\u00ec&#8230;<\/p>\n","protected":false},"excerpt":{"rendered":"<p>Gioved\u00ec scorso un\u2019onda anomala ha attraversato il basso Tirreno da nord a sud ed \u00e8 stata misurata dall\u2019Ispra (Istituto per la protezione e le ricerche ambientali) da La Spezia a Palermo. A Gaeta, per esempio, il fenomeno \u00e8 durato circa &hellip; <a href=\"https:\/\/www.marinadellabella.it\/?p=2810\">Continua a leggere<span class=\"meta-nav\">&rarr;<\/span><\/a><\/p>\n","protected":false},"author":1,"featured_media":0,"comment_status":"closed","ping_status":"open","sticky":false,"template":"","format":"standard","meta":{"footnotes":""},"categories":[23],"tags":[159],"class_list":["post-2810","post","type-post","status-publish","format-standard","hentry","category-ambiente","tag-tsunami"],"_links":{"self":[{"href":"https:\/\/www.marinadellabella.it\/index.php?rest_route=\/wp\/v2\/posts\/2810","targetHints":{"allow":["GET"]}}],"collection":[{"href":"https:\/\/www.marinadellabella.it\/index.php?rest_route=\/wp\/v2\/posts"}],"about":[{"href":"https:\/\/www.marinadellabella.it\/index.php?rest_route=\/wp\/v2\/types\/post"}],"author":[{"embeddable":true,"href":"https:\/\/www.marinadellabella.it\/index.php?rest_route=\/wp\/v2\/users\/1"}],"replies":[{"embeddable":true,"href":"https:\/\/www.marinadellabella.it\/index.php?rest_route=%2Fwp%2Fv2%2Fcomments&post=2810"}],"version-history":[{"count":7,"href":"https:\/\/www.marinadellabella.it\/index.php?rest_route=\/wp\/v2\/posts\/2810\/revisions"}],"predecessor-version":[{"id":2819,"href":"https:\/\/www.marinadellabella.it\/index.php?rest_route=\/wp\/v2\/posts\/2810\/revisions\/2819"}],"wp:attachment":[{"href":"https:\/\/www.marinadellabella.it\/index.php?rest_route=%2Fwp%2Fv2%2Fmedia&parent=2810"}],"wp:term":[{"taxonomy":"category","embeddable":true,"href":"https:\/\/www.marinadellabella.it\/index.php?rest_route=%2Fwp%2Fv2%2Fcategories&post=2810"},{"taxonomy":"post_tag","embeddable":true,"href":"https:\/\/www.marinadellabella.it\/index.php?rest_route=%2Fwp%2Fv2%2Ftags&post=2810"}],"curies":[{"name":"wp","href":"https:\/\/api.w.org\/{rel}","templated":true}]}}