{"id":2945,"date":"2012-08-29T21:12:44","date_gmt":"2012-08-29T20:12:44","guid":{"rendered":"http:\/\/www.marinadellabella.it\/?p=2945"},"modified":"2014-07-07T16:02:53","modified_gmt":"2014-07-07T15:02:53","slug":"sinistro-col-trucco","status":"publish","type":"post","link":"https:\/\/www.marinadellabella.it\/?p=2945","title":{"rendered":"Sinistro col trucco"},"content":{"rendered":"<p><a href=\"https:\/\/www.marinadellabella.it\/?attachment_id=2950\" rel=\"attachment wp-att-2950\"><img loading=\"lazy\" decoding=\"async\" class=\"alignleft  wp-image-2950\" title=\"prestigiatore\" src=\"https:\/\/www.marinadellabella.it\/wp-content\/uploads\/2012\/08\/prestigiatore.jpg\" alt=\"\" width=\"186\" height=\"196\" \/><\/a>Usare le parole con la precisione di un calcolatore sar\u00e0 anche impossibile, ma sforzarsi di trovare ogni volta quelle pi\u00f9 giuste \u00e8 segno di correttezza con se stessi e con gli altri, specie se per privilegio sociale si dispone di un ricco vocabolario e di un ruolo pubblico che amplifica e diffonde la propria comunicazione.<br \/>\nChi usa la parola fascismo senza precisione, riferendola a persone e cose lontane anni luce anche dal suo pi\u00f9 vago alone semantico, pu\u00f2 essere causa e anche sintomo di qualcosa di peggio. Innanzitutto pu\u00f2 rafforzare sia un&#8217;incapacit\u00e0 gi\u00e0 diffusa di riconoscere autentici rigurgiti del peggiore passato, sia una tendenza a sottovalutarli e a sdoganarli. Inoltre, definendo fascista una critica diretta, pu\u00f2 rivelare una pulsione simile a quella condannata.<br \/>\nPerch\u00e9 un segretario di partito attribuisce il termine fascista a personaggi e contenuti della rete e del paese reale tutt&#8217;altro che tali, quando non spende mai una parola sui fascisti veri?<br \/>\nMi viene in mente Forza nuova, che proprio dove vivo distribuisce pane al popolo cos\u00ec come aggredisce qualche sparuto comunista che passa per strada. Oppure Casa Pound e l&#8217;Alba Dorata di una Grecia vicina, e anche tanti ex fascisti per loro stessa orgogliosa ammissione, da decenni nelle poltrone pi\u00f9 alte delle istituzioni statali e locali.<br \/>\nPoi c&#8217;\u00e8 il revisionismo di Violante e il silenzio assenso di tanti suoi colleghi. Ci sono la legittimazione, il riconoscimento e le garanzie offerte alle aggressivit\u00e0 leghiste, ai monopoli forzisti e a una schiera di reazionari sempre in ballo tra destra, centro e anche sinistra, in una palude indistinta di interessi e alleanze prive di valori e di certezze democratiche.<br \/>\nChi \u00e8 davvero di sinistra sussulta al solo sentire la parola fascista e la ritiene la peggiore offesa che si possa ricevere. Evidentemente chi la tira fuori dal suo vocabolario con tutta la leggerezza con cui si estrarrebbe un coniglio dal cilindro \u00e8 un prestigiatore, un personaggio sinistro. Un sinistro col trucco&#8230;<\/p>\n","protected":false},"excerpt":{"rendered":"<p>Usare le parole con la precisione di un calcolatore sar\u00e0 anche impossibile, ma sforzarsi di trovare ogni volta quelle pi\u00f9 giuste \u00e8 segno di correttezza con se stessi e con gli altri, specie se per privilegio sociale si dispone di &hellip; <a href=\"https:\/\/www.marinadellabella.it\/?p=2945\">Continua a leggere<span class=\"meta-nav\">&rarr;<\/span><\/a><\/p>\n","protected":false},"author":1,"featured_media":0,"comment_status":"closed","ping_status":"open","sticky":false,"template":"","format":"standard","meta":{"footnotes":""},"categories":[10],"tags":[173],"class_list":["post-2945","post","type-post","status-publish","format-standard","hentry","category-politica","tag-fascismo"],"_links":{"self":[{"href":"https:\/\/www.marinadellabella.it\/index.php?rest_route=\/wp\/v2\/posts\/2945","targetHints":{"allow":["GET"]}}],"collection":[{"href":"https:\/\/www.marinadellabella.it\/index.php?rest_route=\/wp\/v2\/posts"}],"about":[{"href":"https:\/\/www.marinadellabella.it\/index.php?rest_route=\/wp\/v2\/types\/post"}],"author":[{"embeddable":true,"href":"https:\/\/www.marinadellabella.it\/index.php?rest_route=\/wp\/v2\/users\/1"}],"replies":[{"embeddable":true,"href":"https:\/\/www.marinadellabella.it\/index.php?rest_route=%2Fwp%2Fv2%2Fcomments&post=2945"}],"version-history":[{"count":11,"href":"https:\/\/www.marinadellabella.it\/index.php?rest_route=\/wp\/v2\/posts\/2945\/revisions"}],"predecessor-version":[{"id":2957,"href":"https:\/\/www.marinadellabella.it\/index.php?rest_route=\/wp\/v2\/posts\/2945\/revisions\/2957"}],"wp:attachment":[{"href":"https:\/\/www.marinadellabella.it\/index.php?rest_route=%2Fwp%2Fv2%2Fmedia&parent=2945"}],"wp:term":[{"taxonomy":"category","embeddable":true,"href":"https:\/\/www.marinadellabella.it\/index.php?rest_route=%2Fwp%2Fv2%2Fcategories&post=2945"},{"taxonomy":"post_tag","embeddable":true,"href":"https:\/\/www.marinadellabella.it\/index.php?rest_route=%2Fwp%2Fv2%2Ftags&post=2945"}],"curies":[{"name":"wp","href":"https:\/\/api.w.org\/{rel}","templated":true}]}}