{"id":2971,"date":"2012-09-17T10:35:09","date_gmt":"2012-09-17T09:35:09","guid":{"rendered":"http:\/\/www.marinadellabella.it\/?p=2971"},"modified":"2014-07-07T16:02:33","modified_gmt":"2014-07-07T15:02:33","slug":"quattro-ore-a-chatila","status":"publish","type":"post","link":"https:\/\/www.marinadellabella.it\/?p=2971","title":{"rendered":"Quattro ore a Chatila"},"content":{"rendered":"<p><a href=\"https:\/\/www.marinadellabella.it\/?attachment_id=2975\" rel=\"attachment wp-att-2975\"><img loading=\"lazy\" decoding=\"async\" class=\"alignleft  wp-image-2975\" title=\"Sabra e Chatila\" src=\"https:\/\/www.marinadellabella.it\/wp-content\/uploads\/2012\/09\/Sabra-e-Chatila.jpg\" alt=\"\" width=\"263\" height=\"176\" \/><\/a>Trent&#8217;anni fa a Beirut, nei campi profughi palestinesi di Sabra e a Chatila circondati dall\u2019esercito israeliano, falangisti libanesi armati di pistole, fucili, asce e coltelli compiono un massacro che non risparmia nemmeno i bambini. La mattanza dura tre giorni, dal 16 al 18 settembre. Il primo occidentale a entrare a Chatila \u00e8 lo scrittore francese Jean Genet: sono le 10 del 19 settembre. Per quattro ore Genet sar\u00e0 testimone diretto delle oscene conseguenze di una violenza senza limiti. Tornato a Parigi scriver\u00e0 un reportage straordinario.<\/p>\n<p><em>&#8220;I francesi hanno l&#8217;abitudine di usare questa scialba espressione: lavoro sporco; ebbene, come l&#8217;esercito israeliano ha ordinato il lavoro sporco ai Kataeb, o agli hassadisti, i laburisti lo hanno fatto portare a termine dal Likud, Begin, Sharon, Shamir&#8230;&#8221;.<\/em><br \/>\n<em> Ho appena citato R., giornalista palestinese, ancora a Beirut domenica 19 settembre.<\/em><br \/>\n<em> In mezzo a tutte le vittime torturate, la mia mente non pu\u00f2 disfarsi di questa visione invisibile: come era il carnefice? Chi era? Lo vedo e non lo vedo. Mi acceca gli occhi, e non avr\u00e0 mai altra forma che quella disegnata da pose, posture, gesti grotteschi dei cadaveri divorati, sotto il sole, da schiere di mosche&#8221;.<br \/>\n<\/em>(Jean Genet, da <em>Quattro ore a Chatila<\/em>)<\/p>\n<p>Un grande scrittore come Genet \u00e8 stato capace di lasciarci in eredit\u00e0 anche questo: una prosa lucida e poeticamente forte, atto di denuncia di un eccidio impunito e delle sofferenze interminabili di un popolo.<\/p>\n","protected":false},"excerpt":{"rendered":"<p>Trent&#8217;anni fa a Beirut, nei campi profughi palestinesi di Sabra e a Chatila circondati dall\u2019esercito israeliano, falangisti libanesi armati di pistole, fucili, asce e coltelli compiono un massacro che non risparmia nemmeno i bambini. La mattanza dura tre giorni, dal &hellip; <a href=\"https:\/\/www.marinadellabella.it\/?p=2971\">Continua a leggere<span class=\"meta-nav\">&rarr;<\/span><\/a><\/p>\n","protected":false},"author":1,"featured_media":0,"comment_status":"closed","ping_status":"open","sticky":false,"template":"","format":"standard","meta":{"footnotes":""},"categories":[13],"tags":[176,45,177,175],"class_list":["post-2971","post","type-post","status-publish","format-standard","hentry","category-letteratura","tag-jean-genet","tag-palestinesi","tag-quattro-ore-a-chatila","tag-sabra-e-chatila"],"_links":{"self":[{"href":"https:\/\/www.marinadellabella.it\/index.php?rest_route=\/wp\/v2\/posts\/2971","targetHints":{"allow":["GET"]}}],"collection":[{"href":"https:\/\/www.marinadellabella.it\/index.php?rest_route=\/wp\/v2\/posts"}],"about":[{"href":"https:\/\/www.marinadellabella.it\/index.php?rest_route=\/wp\/v2\/types\/post"}],"author":[{"embeddable":true,"href":"https:\/\/www.marinadellabella.it\/index.php?rest_route=\/wp\/v2\/users\/1"}],"replies":[{"embeddable":true,"href":"https:\/\/www.marinadellabella.it\/index.php?rest_route=%2Fwp%2Fv2%2Fcomments&post=2971"}],"version-history":[{"count":10,"href":"https:\/\/www.marinadellabella.it\/index.php?rest_route=\/wp\/v2\/posts\/2971\/revisions"}],"predecessor-version":[{"id":3884,"href":"https:\/\/www.marinadellabella.it\/index.php?rest_route=\/wp\/v2\/posts\/2971\/revisions\/3884"}],"wp:attachment":[{"href":"https:\/\/www.marinadellabella.it\/index.php?rest_route=%2Fwp%2Fv2%2Fmedia&parent=2971"}],"wp:term":[{"taxonomy":"category","embeddable":true,"href":"https:\/\/www.marinadellabella.it\/index.php?rest_route=%2Fwp%2Fv2%2Fcategories&post=2971"},{"taxonomy":"post_tag","embeddable":true,"href":"https:\/\/www.marinadellabella.it\/index.php?rest_route=%2Fwp%2Fv2%2Ftags&post=2971"}],"curies":[{"name":"wp","href":"https:\/\/api.w.org\/{rel}","templated":true}]}}