{"id":2991,"date":"2012-09-29T09:05:31","date_gmt":"2012-09-29T08:05:31","guid":{"rendered":"http:\/\/www.marinadellabella.it\/?p=2991"},"modified":"2014-07-07T16:01:00","modified_gmt":"2014-07-07T15:01:00","slug":"lacqua-del-duemila","status":"publish","type":"post","link":"https:\/\/www.marinadellabella.it\/?p=2991","title":{"rendered":"L&#8217;acqua del Duemila"},"content":{"rendered":"<p><a href=\"https:\/\/www.marinadellabella.it\/?attachment_id=2995\" rel=\"attachment wp-att-2995\"><img loading=\"lazy\" decoding=\"async\" class=\"alignleft size-medium wp-image-2995\" title=\"Joyce Lussu\" alt=\"\" src=\"https:\/\/www.marinadellabella.it\/wp-content\/uploads\/2012\/09\/Joyce-Lussu-300x219.jpg\" width=\"300\" height=\"219\" srcset=\"https:\/\/www.marinadellabella.it\/wp-content\/uploads\/2012\/09\/Joyce-Lussu-300x219.jpg 300w, https:\/\/www.marinadellabella.it\/wp-content\/uploads\/2012\/09\/Joyce-Lussu.jpg 472w\" sizes=\"auto, (max-width: 300px) 100vw, 300px\" \/><\/a>Ho incontrato Joyce Lussu qualche volta a casa di amici e ho il ricordo nitido di una personalit\u00e0 enorme, che riempiva ogni spazio: antifascista, antimilitarista, ecologista e femminista, scrittrice e traduttrice. Burbera ma generosa soprattutto con i giovani, non perdeva occasione per fare comizi improvvisati contro l&#8217;imperialismo, il capitalismo e le scarse vedute di chi li avrebbe dovuti combattere. Proprio in questi giorni mi \u00e8 capitato tra le mani un suo libro, prezioso come un reperto: <em>L&#8217;acqua del Duemila<\/em> (Mazzotta 1977). Oltre a tutto il resto, vi ho trovato riprodotte alla meglio, per scontata povert\u00e0 dell&#8217;editoria alternativa, due foto struggenti di Mario Giacomelli: la sua campagna marchigiana cos\u00ec simile alla mia, con cui si fonde e confonde per stretta vicinanza.<br \/>\nAcqua e scarse vedute, cos\u00ec avrei potuto intitolare questo post. Quello che pi\u00f9 mi colpisce del libro (un&#8217;incursione a tutto campo tra i temi a lei pi\u00f9 cari, compreso l&#8217;internazionalismo dalla Turchia all&#8217;Angola per voce di alcuni poeti avventurosamente tradotti: Nazim Hikmet, Agostinho Neto) \u00e8 infatti l&#8217;indice puntato contro scienza e tecnica dell&#8217;acqua, quasi inesistenti quando ancora non era merce, e poi sviluppate a sostegno delle attivit\u00e0 industriali per volont\u00e0 del &#8220;grande padronato&#8221; e per mezzo di esperti asserviti.<br \/>\nUn tema, quello dell&#8217;acqua, che secondo la Lussu non era &#8220;dei partiti di sinistra e dei sindacati, che pure dispongono di solide organizzazioni, di centri studio ben attrezzati e di schiere di esperti in tutti i settori&#8221;, mentre &#8220;era legittimo aspettarsi che le forze sorte per salvaguardare gli interessi delle masse si fossero date da fare per analizzare il problema ed elaborare controproposte ragionevoli, stimolando lotte politiche consapevoli e aggiornate&#8221;. Intanto &#8220;i grossi capitali trattano la questione dell&#8217;acqua come quella del petrolio&#8221;, promettendo &#8220;razionalizzazione&#8221;. Infine, la sua domanda cruciale: &#8220;Cosa significa razionalizzare per un sistema che mercifica tutto, dalle coscienze all&#8217;aria che si respira?&#8221;<br \/>\nSe Joyce fosse ancora con noi, oggi avrebbe un travaso di bile nel constatare che la sua preveggenza \u00e8 stata superata nel peggio: l&#8217;acqua sopravviver\u00e0 al petrolio in estinzione diventando, tra i beni disponibili in natura, la prima merce del secolo. Inoltre partiti e sindacati, invece di studiare un&#8217;alternativa pubblica che salvaguardi un bene collettivo necessario alla sopravvivenza, sono pi\u00f9 o meno indirettamente azionisti di societ\u00e0 interessate alla vendita e non alla condivisione. Se ancora potessi scherzare con Joyce, a lei che odiava le divise direi che nel nostro futuro luminoso vedo partiti e sindacati vestiti da &#8220;poliziotti dell&#8217;acqua&#8221; che manganellano &#8220;noi in ginocchio davanti ai rubinetti gocciolanti, in attesa che ci arrivi l&#8217;acqua per bere e per lavarci&#8221;: loro, insieme agli esperti, a libro paga di ben altri potentati.<br \/>\nPer rabbonirla, subito dopo le direi anche che i comitati per l&#8217;acqua pubblica vinceranno su tutti i fronti, spazzando via opportunisti e affaristi travestiti da organizzazioni fintamente democratiche. E sar\u00e0 solo l&#8217;inizio: parola della sua Sibilla, che di previsioni se ne intende.<\/p>\n","protected":false},"excerpt":{"rendered":"<p>Ho incontrato Joyce Lussu qualche volta a casa di amici e ho il ricordo nitido di una personalit\u00e0 enorme, che riempiva ogni spazio: antifascista, antimilitarista, ecologista e femminista, scrittrice e traduttrice. Burbera ma generosa soprattutto con i giovani, non perdeva &hellip; <a href=\"https:\/\/www.marinadellabella.it\/?p=2991\">Continua a leggere<span class=\"meta-nav\">&rarr;<\/span><\/a><\/p>\n","protected":false},"author":1,"featured_media":0,"comment_status":"closed","ping_status":"open","sticky":false,"template":"","format":"standard","meta":{"footnotes":""},"categories":[1],"tags":[379,179],"class_list":["post-2991","post","type-post","status-publish","format-standard","hentry","category-uncategorized","tag-acqua","tag-joyce-lussu"],"_links":{"self":[{"href":"https:\/\/www.marinadellabella.it\/index.php?rest_route=\/wp\/v2\/posts\/2991","targetHints":{"allow":["GET"]}}],"collection":[{"href":"https:\/\/www.marinadellabella.it\/index.php?rest_route=\/wp\/v2\/posts"}],"about":[{"href":"https:\/\/www.marinadellabella.it\/index.php?rest_route=\/wp\/v2\/types\/post"}],"author":[{"embeddable":true,"href":"https:\/\/www.marinadellabella.it\/index.php?rest_route=\/wp\/v2\/users\/1"}],"replies":[{"embeddable":true,"href":"https:\/\/www.marinadellabella.it\/index.php?rest_route=%2Fwp%2Fv2%2Fcomments&post=2991"}],"version-history":[{"count":8,"href":"https:\/\/www.marinadellabella.it\/index.php?rest_route=\/wp\/v2\/posts\/2991\/revisions"}],"predecessor-version":[{"id":3617,"href":"https:\/\/www.marinadellabella.it\/index.php?rest_route=\/wp\/v2\/posts\/2991\/revisions\/3617"}],"wp:attachment":[{"href":"https:\/\/www.marinadellabella.it\/index.php?rest_route=%2Fwp%2Fv2%2Fmedia&parent=2991"}],"wp:term":[{"taxonomy":"category","embeddable":true,"href":"https:\/\/www.marinadellabella.it\/index.php?rest_route=%2Fwp%2Fv2%2Fcategories&post=2991"},{"taxonomy":"post_tag","embeddable":true,"href":"https:\/\/www.marinadellabella.it\/index.php?rest_route=%2Fwp%2Fv2%2Ftags&post=2991"}],"curies":[{"name":"wp","href":"https:\/\/api.w.org\/{rel}","templated":true}]}}