{"id":3007,"date":"2012-10-08T17:39:27","date_gmt":"2012-10-08T16:39:27","guid":{"rendered":"http:\/\/www.marinadellabella.it\/?p=3007"},"modified":"2014-07-07T16:01:00","modified_gmt":"2014-07-07T15:01:00","slug":"de-gennaro-c-la-cassazione-dice","status":"publish","type":"post","link":"https:\/\/www.marinadellabella.it\/?p=3007","title":{"rendered":"De Gennaro &#038; C: la Cassazione dice"},"content":{"rendered":"<p><a href=\"https:\/\/www.marinadellabella.it\/?attachment_id=3011\" rel=\"attachment wp-att-3011\"><img loading=\"lazy\" decoding=\"async\" class=\"alignleft size-full wp-image-3011\" title=\"Gianni De Gennaro\" src=\"https:\/\/www.marinadellabella.it\/wp-content\/uploads\/2012\/10\/Gianni-De-Gennaro.jpg\" alt=\"\" width=\"256\" height=\"192\" \/><\/a>Durante il G8 di Genova del 2001, l\u2019irruzione delle forze dell&#8217;ordine alla scuola Diaz coinvolse ben 500 agenti e port\u00f2 all&#8217;arresto illegale di 93 persone, di cui 87 gravemente ferite e 2 in pericolo di vita (che finirono poi, in gran parte, nell&#8217;altro girone infernale di Bolzaneto).<br \/>\nLe motivazioni della sentenza n. 38085, pronunciata in merito dalla Corte di Cassazione, fissano in modo definitivo gravi certezze processuali. Procedendo per stralci si apprende che:<\/p>\n<p>&#8211; la violenza della polizia \u00e8 stata di una gravit\u00e0 inusitata, in quanto scatenata contro persone all&#8217;evidenza inermi, non giustificata, punitiva, vendicativa e diretta all&#8217;umiliazione e alla sofferenza fisica e mentale delle vittime;<br \/>\n&#8211; i poliziotti si sono scagliati sui presenti, sia che dormissero, sia che stessero immobili con le mani alzate, colpendo tutti con i manganelli e con calci e pugni, sordi alle invocazioni di non violenza provenienti dalle vittime, alcune con i documenti in mano;<br \/>\n&#8211; l&#8217;esortazione rivolta dal Capo della polizia Gianni De Gennaro ad eseguire arresti, anche per riscattare l&#8217;immagine della polizia dalle accuse di inerzia, ha finito con l&#8217;avere il sopravvento rispetto alla verifica del buon esito della perquisizione stessa;<br \/>\n&#8211; l&#8217;irruzione fu condotta con caratteristiche denotanti un assetto militare, con preordinato e falso quadro accusatorio ai danni degli arrestati, realizzato in un lungo arco di tempo tra la cessazione delle operazioni e il deposito degli atti in Procura;<br \/>\n&#8211; chi era in posizione di comando, preso atto che l\u2019esito della perquisizione si era risolto nell\u2019ingiustificabile massacro dei residenti nella scuola, invece di isolare i violenti denunciandoli e di rimettere in libert\u00e0 gli arrestati (dissociandosi da una condotta che ha gettato discredito sulla nazione agli occhi del mondo intero), ha scelto di persistere negli arresti creando una serie di false circostanze;<br \/>\n&#8211; non esistendo in Italia il reato di tortura, non si \u00e8 potuta evitare la prescrizione per i reati di lesioni gravi, pur ricorrendo gli estremi della gravit\u00e0 e gratuit\u00e0 dell\u2019uso della forza.<\/p>\n<p>Chiuso il capitolo giudiziario, in un paese normale la palla dovrebbe passare (seppure con grave e connivente ritardo) a quella che pretende ancora di definirsi politica.<br \/>\nPer questo grave episodio, e per altri sempre pi\u00f9 frequenti e inquietanti, urge infatti introdurre nell&#8217;ordinamento italiano il reato di tortura. Urge anche una commissione d&#8217;inchiesta che indaghi sulle responsabilit\u00e0 politiche. Si fatica a pensare che fatti cos\u00ec gravi possano essere accaduti senza il coinvolgimento o l&#8217;informazione al Governo (al Presidente del Consiglio Berlusconi, al Ministro dell\u2019Interno Scajola), mentre suoi alti esponenti erano addirittura nella centrale operativa e a Bolzaneto (Fini, Castelli).<\/p>\n<p>Un capitolo a parte merita l&#8217;ex capo della polizia Gianni De Gennaro, una carriera inossidabile nonostante e soprattutto dopo i fatti di Genova: capo di gabinetto del Ministro dell&#8217;interno del governo Prodi, capo dei Servizi segreti con il governo Berlusconi, oggi sottosegretario del governo Monti con delega ai Servizi.<br \/>\nDe Gennaro (che dalla sua posizione pubblica si \u00e8 pure permesso di solidarizzare con gli ex subordinati condannati e rimossi) oggi \u00e8 inchiodato dalla Cassazione a ben pi\u00f9 gravi responsabilit\u00e0, per le quali la rimozione \u00e8 d&#8217;obbligo. E nell&#8217;immediato, senza che sia necessaria una petizione per chiederla (come stanno facendo dall&#8217;indirizzo osservatorio.diritti@tisca<wbr>li.it).<\/wbr><\/p>\n","protected":false},"excerpt":{"rendered":"<p>Durante il G8 di Genova del 2001, l\u2019irruzione delle forze dell&#8217;ordine alla scuola Diaz coinvolse ben 500 agenti e port\u00f2 all&#8217;arresto illegale di 93 persone, di cui 87 gravemente ferite e 2 in pericolo di vita (che finirono poi, in &hellip; <a href=\"https:\/\/www.marinadellabella.it\/?p=3007\">Continua a leggere<span class=\"meta-nav\">&rarr;<\/span><\/a><\/p>\n","protected":false},"author":1,"featured_media":0,"comment_status":"closed","ping_status":"open","sticky":false,"template":"","format":"standard","meta":{"footnotes":""},"categories":[44],"tags":[85,86],"class_list":["post-3007","post","type-post","status-publish","format-standard","hentry","category-giustizia","tag-g8","tag-genova-2001"],"_links":{"self":[{"href":"https:\/\/www.marinadellabella.it\/index.php?rest_route=\/wp\/v2\/posts\/3007","targetHints":{"allow":["GET"]}}],"collection":[{"href":"https:\/\/www.marinadellabella.it\/index.php?rest_route=\/wp\/v2\/posts"}],"about":[{"href":"https:\/\/www.marinadellabella.it\/index.php?rest_route=\/wp\/v2\/types\/post"}],"author":[{"embeddable":true,"href":"https:\/\/www.marinadellabella.it\/index.php?rest_route=\/wp\/v2\/users\/1"}],"replies":[{"embeddable":true,"href":"https:\/\/www.marinadellabella.it\/index.php?rest_route=%2Fwp%2Fv2%2Fcomments&post=3007"}],"version-history":[{"count":12,"href":"https:\/\/www.marinadellabella.it\/index.php?rest_route=\/wp\/v2\/posts\/3007\/revisions"}],"predecessor-version":[{"id":3881,"href":"https:\/\/www.marinadellabella.it\/index.php?rest_route=\/wp\/v2\/posts\/3007\/revisions\/3881"}],"wp:attachment":[{"href":"https:\/\/www.marinadellabella.it\/index.php?rest_route=%2Fwp%2Fv2%2Fmedia&parent=3007"}],"wp:term":[{"taxonomy":"category","embeddable":true,"href":"https:\/\/www.marinadellabella.it\/index.php?rest_route=%2Fwp%2Fv2%2Fcategories&post=3007"},{"taxonomy":"post_tag","embeddable":true,"href":"https:\/\/www.marinadellabella.it\/index.php?rest_route=%2Fwp%2Fv2%2Ftags&post=3007"}],"curies":[{"name":"wp","href":"https:\/\/api.w.org\/{rel}","templated":true}]}}