{"id":3025,"date":"2012-10-15T09:29:05","date_gmt":"2012-10-15T08:29:05","guid":{"rendered":"http:\/\/www.marinadellabella.it\/?p=3025"},"modified":"2014-07-07T16:01:00","modified_gmt":"2014-07-07T15:01:00","slug":"la-pace-dellunione","status":"publish","type":"post","link":"https:\/\/www.marinadellabella.it\/?p=3025","title":{"rendered":"La pace dell&#8217;Unione"},"content":{"rendered":"<p><a href=\"https:\/\/www.marinadellabella.it\/?attachment_id=3030\" rel=\"attachment wp-att-3030\"><img loading=\"lazy\" decoding=\"async\" class=\"alignleft  wp-image-3030\" title=\"Pace armataKianoush Ramezani\" src=\"https:\/\/www.marinadellabella.it\/wp-content\/uploads\/2012\/10\/Pace-armataKianoush-Ramezani.jpg\" alt=\"\" width=\"260\" height=\"176\" \/><\/a>L&#8217;Unione europea ha vinto il premio Nobel per la pace. Una delle motivazioni principali \u00e8 che da oltre sessant\u2019anni contribuisce a promuovere pace, riconciliazione, democrazia e diritti umani in Europa. Molti nelle istituzioni e nei media hanno ripreso la notizia, confezionandone polpette celebrative di facile digeribilit\u00e0. Due esempi a caso, appartenenti alla medesima cordata: il presidente della Repubblica e il giornale omonimo di una repubblica che non c&#8217;\u00e8 pi\u00f9, anche per colpevole asservimento dei giornalisti. Il primo ha aggiunto che &#8220;contro la crisi \u00e8 necessario cedere ulteriori quote di sovranit\u00e0 all&#8217;Ue&#8221;, come se la sovranit\u00e0 di un popolo sia scomponibile in quote e definibile con vocaboli da azionariato aziendale. Il secondo, in appendice al coro dei compiaciuti, ha inserito appena un paio di battute differenti ma prive di spiegazioni. A quali linee di tecnica e deontologia giornalistica si rifacciano certe sintesi cos\u00ec estreme non si sa. Si potrebbe parlare di pensiero unico se vi si trovasse un qualche pensiero, e invece si scrive per slogan: comunicativamente efficaci, veloci, obbedienti. Eppure quanto domande si muovono dietro a un nulla: di quale Europa parla la motivazione del Nobel? dell&#8217;Europa dei popoli o di quella delle \u00e9lites? di quella dell&#8217;integrazione o delle disuguaglianze? di quella delle nuove elaborazioni politiche o dei mercati finanziari, dei debiti odiosi e dello strozzinaggio favorito e autorizzato? di quella dei &#8220;piani di aggiustamento strutturale&#8221;, cio\u00e8 di sacrifici enormi e recessivi imposti soprattutto alle popolazioni della periferia, di Portogallo, Irlanda, Grecia e Spagna definiti sprezzantemente &#8220;pigs&#8221; (oppure &#8220;piigs&#8221;, se ci si aggiunge l&#8217;Italia, con quel suono prolungato che accentua lo sberleffo)?<br \/>\nPerch\u00e9 per commentare il Nobel per la pace all&#8217;Unione non si \u00e8 aperto il microfono a chi manifesta in Grecia, in Spagna e nei paesi pi\u00f9 colpiti dalla crisi? Perch\u00e9 non si d\u00e0 voce a chi potrebbe spiegare come vengono imposti gli acquisti di armi sotto il ricatto della crisi stessa e della negazione di aiuti? Non sono le giacche indossate dalla cancelliera tedesca Merkel a umiliare il popolo greco, come certi nostri giornalisti vorrebbero far credere, ma la deregolamentazione del mercato del lavoro e le privatizzazioni selvagge, la diminuzione del salario minimo, i licenziamenti, il taglio netto delle pensioni e dei servizi, la svendita di un intero paese e della sua democrazia, le cariche a chi ha il sacrosanto diritto di manifestare le proprie sofferenze.<br \/>\nVadano quei giornalisti a chiedere ai greci come commentano il Nobel all&#8217;Europa, ci vada Napolitano o ci si faccia accompagnare da Prodi. Sentiranno voci molto diverse, che evidentemente non hanno interesse a sentire. Perch\u00e9 se \u00e8 vero che da sessant&#8217;anni in Europa non c&#8217;\u00e8 una guerra, \u00e8 anche vero che gli ultimi decenni rappresentano una pericolosa inversione di tendenza nella gestione delle democrazie, dei diritti umani, delle disuguaglianze. La pace si garantisce prevenendo i conflitti, non alimentandoli. Meglio non aggiungere altro, sperando che a Stoccolma non abbiano premiato un triste canto del cigno.<\/p>\n","protected":false},"excerpt":{"rendered":"<p>L&#8217;Unione europea ha vinto il premio Nobel per la pace. Una delle motivazioni principali \u00e8 che da oltre sessant\u2019anni contribuisce a promuovere pace, riconciliazione, democrazia e diritti umani in Europa. Molti nelle istituzioni e nei media hanno ripreso la notizia, &hellip; <a href=\"https:\/\/www.marinadellabella.it\/?p=3025\">Continua a leggere<span class=\"meta-nav\">&rarr;<\/span><\/a><\/p>\n","protected":false},"author":1,"featured_media":0,"comment_status":"closed","ping_status":"open","sticky":false,"template":"","format":"standard","meta":{"footnotes":""},"categories":[18],"tags":[357,181,180],"class_list":["post-3025","post","type-post","status-publish","format-standard","hentry","category-democrazia","tag-pace","tag-premio-nobel","tag-unione-europea"],"_links":{"self":[{"href":"https:\/\/www.marinadellabella.it\/index.php?rest_route=\/wp\/v2\/posts\/3025","targetHints":{"allow":["GET"]}}],"collection":[{"href":"https:\/\/www.marinadellabella.it\/index.php?rest_route=\/wp\/v2\/posts"}],"about":[{"href":"https:\/\/www.marinadellabella.it\/index.php?rest_route=\/wp\/v2\/types\/post"}],"author":[{"embeddable":true,"href":"https:\/\/www.marinadellabella.it\/index.php?rest_route=\/wp\/v2\/users\/1"}],"replies":[{"embeddable":true,"href":"https:\/\/www.marinadellabella.it\/index.php?rest_route=%2Fwp%2Fv2%2Fcomments&post=3025"}],"version-history":[{"count":12,"href":"https:\/\/www.marinadellabella.it\/index.php?rest_route=\/wp\/v2\/posts\/3025\/revisions"}],"predecessor-version":[{"id":3880,"href":"https:\/\/www.marinadellabella.it\/index.php?rest_route=\/wp\/v2\/posts\/3025\/revisions\/3880"}],"wp:attachment":[{"href":"https:\/\/www.marinadellabella.it\/index.php?rest_route=%2Fwp%2Fv2%2Fmedia&parent=3025"}],"wp:term":[{"taxonomy":"category","embeddable":true,"href":"https:\/\/www.marinadellabella.it\/index.php?rest_route=%2Fwp%2Fv2%2Fcategories&post=3025"},{"taxonomy":"post_tag","embeddable":true,"href":"https:\/\/www.marinadellabella.it\/index.php?rest_route=%2Fwp%2Fv2%2Ftags&post=3025"}],"curies":[{"name":"wp","href":"https:\/\/api.w.org\/{rel}","templated":true}]}}