{"id":3092,"date":"2012-11-17T09:47:55","date_gmt":"2012-11-17T08:47:55","guid":{"rendered":"http:\/\/www.marinadellabella.it\/?p=3092"},"modified":"2014-07-07T16:00:42","modified_gmt":"2014-07-07T15:00:42","slug":"le-loro-deviazioni","status":"publish","type":"post","link":"https:\/\/www.marinadellabella.it\/?p=3092","title":{"rendered":"Le loro deviazioni"},"content":{"rendered":"<p><a href=\"https:\/\/www.marinadellabella.it\/?attachment_id=3094\" rel=\"attachment wp-att-3094\"><img loading=\"lazy\" decoding=\"async\" class=\"alignleft  wp-image-3094\" title=\"lancio lacrimogeni da Ministero Giustizia\" alt=\"\" src=\"https:\/\/www.marinadellabella.it\/wp-content\/uploads\/2012\/11\/lancio-lacrimogeni-da-Ministero-Giustizia.jpg\" width=\"200\" height=\"200\" \/><\/a>Tre giorni fa in numerose citt\u00e0 europee si \u00e8 svolta una manifestazione contro la gestione di una crisi economico-finanziaria che dovunque segue lo stesso copione: scelte verticistiche a esclusiva difesa dei poteri forti, smantellamento dello stato sociale, repressione. In Italia la protesta si \u00e8 diffusa in molte citt\u00e0. I disordini di piccoli gruppi in parte appartengono alle solite infiltrazioni e in parte a un&#8217;esasperazione inascoltata e spesso provocata, che a quel punto prende le forme che pu\u00f2.<br \/>\nL&#8217;esasperazione \u00e8 conseguenza di una violenza sterminata che lo stato stesso esercita sempre di pi\u00f9 e in tutte le sue forme: subdole ed esplicite, emotive e fisiche. Non si possono mettere sullo stesso piano le reazioni delle vittime (a cui si sta togliendo tutto: salute, lavoro, cultura, e soprattutto futuro) e l&#8217;operato di responsabili infinitamente pi\u00f9 forti, che utilizzano tutti gli strumenti che hanno, dall&#8217;informazione all&#8217;agibilit\u00e0 politica alle leggi, per portare a compimento un disegno preciso di disuguaglianza e di disumanizzazione senza precedenti. Quando ogni altro spazio viene negato, si torna nelle piazze per difendere le proprie esistenze, con atti necessari per sfuggire all&#8217;annichilimento, con tentativi di pura sopravvivenza, con la necessit\u00e0 di sentirsi almeno insieme, mentre si sta facendo di tutto per dividerci.<br \/>\nE&#8217; della violenza che si scatena sulle piazze che invece bisogna parlare, perch\u00e9 vuole ridurre a spaventata subordinazione chiunque voglia alzare gli occhi da terra per guardare e giudicare quello che gli sta accadendo. Bisogna parlare delle forze dell&#8217;ordine che manganellano a freddo, alle spalle e in faccia, che attaccano spezzoni di corteo imbottigliati, che fanno retate a strascico, che in perfetta continuit\u00e0 con il passato si nascondono dietro a ordini indicibili e impunit\u00e0 intollerabili in cambio di stipendi e carriere fatte sul sangue degli altri.<br \/>\nSi fa un po&#8217; fatica a immaginare oggi un celerino che si toglie il casco e abbraccia un manifestante, ma forse \u00e8 soltanto questione di tempo: forse lo far\u00e0 quando rimarr\u00e0 anche lui senza lavoro, quando suo figlio si suicider\u00e0, quando non avr\u00e0 i soldi per curare sua moglie.<br \/>\nNel frattempo dobbiamo parlare dei lacrimogeni lanciati sui manifestanti (chiss\u00e0 da chi!) dai piani alti del <a href=\"http:\/\/italia.panorama.it\/video\/lacrimogeni-roma-ministero-giustizia\">Ministero della Giustizia<\/a>. Una volta dai palazzacci volavano gi\u00f9 gli anarchici, spalancavano le finestre e si buttavano tra i tentativi disperati dei poliziotti di salvarli. Ma erano altri tempi, pi\u00f9 umani. Oggi tutto \u00e8 pi\u00f9 tecnico, e le traiettorie di fumogeni e pallottole sparati dalle forze dell&#8217;ordine prendono rimbalzi imprevisti (per colpa, ad esempio, di qualche sasso dispettoso che devia un colpo di pistola su Carlo Giuliani e lo uccide).<br \/>\nLe forze dell&#8217;ordine ce le spiegano cos\u00ec, le loro deviazioni. Le loro deviazioni, appunto: \u00e8 di quelle che dobbiamo parlare.<\/p>\n","protected":false},"excerpt":{"rendered":"<p>Tre giorni fa in numerose citt\u00e0 europee si \u00e8 svolta una manifestazione contro la gestione di una crisi economico-finanziaria che dovunque segue lo stesso copione: scelte verticistiche a esclusiva difesa dei poteri forti, smantellamento dello stato sociale, repressione. In Italia &hellip; <a href=\"https:\/\/www.marinadellabella.it\/?p=3092\">Continua a leggere<span class=\"meta-nav\">&rarr;<\/span><\/a><\/p>\n","protected":false},"author":1,"featured_media":0,"comment_status":"closed","ping_status":"open","sticky":false,"template":"","format":"standard","meta":{"footnotes":""},"categories":[1],"tags":[192,374],"class_list":["post-3092","post","type-post","status-publish","format-standard","hentry","category-uncategorized","tag-forze-dellordine","tag-repressione"],"_links":{"self":[{"href":"https:\/\/www.marinadellabella.it\/index.php?rest_route=\/wp\/v2\/posts\/3092","targetHints":{"allow":["GET"]}}],"collection":[{"href":"https:\/\/www.marinadellabella.it\/index.php?rest_route=\/wp\/v2\/posts"}],"about":[{"href":"https:\/\/www.marinadellabella.it\/index.php?rest_route=\/wp\/v2\/types\/post"}],"author":[{"embeddable":true,"href":"https:\/\/www.marinadellabella.it\/index.php?rest_route=\/wp\/v2\/users\/1"}],"replies":[{"embeddable":true,"href":"https:\/\/www.marinadellabella.it\/index.php?rest_route=%2Fwp%2Fv2%2Fcomments&post=3092"}],"version-history":[{"count":11,"href":"https:\/\/www.marinadellabella.it\/index.php?rest_route=\/wp\/v2\/posts\/3092\/revisions"}],"predecessor-version":[{"id":3615,"href":"https:\/\/www.marinadellabella.it\/index.php?rest_route=\/wp\/v2\/posts\/3092\/revisions\/3615"}],"wp:attachment":[{"href":"https:\/\/www.marinadellabella.it\/index.php?rest_route=%2Fwp%2Fv2%2Fmedia&parent=3092"}],"wp:term":[{"taxonomy":"category","embeddable":true,"href":"https:\/\/www.marinadellabella.it\/index.php?rest_route=%2Fwp%2Fv2%2Fcategories&post=3092"},{"taxonomy":"post_tag","embeddable":true,"href":"https:\/\/www.marinadellabella.it\/index.php?rest_route=%2Fwp%2Fv2%2Ftags&post=3092"}],"curies":[{"name":"wp","href":"https:\/\/api.w.org\/{rel}","templated":true}]}}