{"id":3201,"date":"2013-02-02T14:42:18","date_gmt":"2013-02-02T13:42:18","guid":{"rendered":"http:\/\/www.marinadellabella.it\/?p=3201"},"modified":"2014-07-07T16:00:41","modified_gmt":"2014-07-07T15:00:41","slug":"crociata-elettorale","status":"publish","type":"post","link":"https:\/\/www.marinadellabella.it\/?p=3201","title":{"rendered":"Crociata elettorale"},"content":{"rendered":"<p><a href=\"https:\/\/www.marinadellabella.it\/?attachment_id=3204\" rel=\"attachment wp-att-3204\"><img loading=\"lazy\" decoding=\"async\" class=\"alignleft  wp-image-3204\" title=\"crociata\" src=\"https:\/\/www.marinadellabella.it\/wp-content\/uploads\/2013\/02\/crociata.jpg\" alt=\"\" width=\"175\" height=\"175\" \/><\/a>Non finir\u00f2 mai di ripetere quanto sia necessaria per uno stato la laicit\u00e0, garanzia di equilibrio tra cittadini con sensibilit\u00e0 differenti e di separazione netta, per chi crede, tra fede e interessi materiali. L&#8217;Italia, si sa, per avere il Vaticano in casa \u00e8 forse la peggiore anomalia del mondo in questo senso. Nei brutti giorni del caso Englaro me la presi con un frate francescano e gli chiesi cosa fosse, per la chiesa che lui rappresentava, la piet\u00e0 umana. Gli chiesi anche perch\u00e9 la sua chiesa non prendeva posizione di fronte alle infinite ingiustizie dettate dalle agende politiche di turno. Mi rispose di andarmi a vedere in Internet l&#8217;aria differente che tirava in altri paesi. Gli chiesi: America latina? Mi rispose: non solo. E aggiunse: in Italia il problema \u00e8 il Vaticano. Ecco, questo mi va di ripetere oggi a monsignor Crociata (niente ironia, si chiama proprio cos\u00ec) che, a nome della Cei, ha appena emanato il catechismo dell&#8217;elettore, di cui parla la Stampa di oggi. Il suo contenuto, a met\u00e0 tra bolla papale e politichese, \u00e8 comunque di facile comprensione: un tempo andava votata la Democrazia cristiana e oggi il cattolicesimo, sparso in varie formazioni partitiche. Frasi del tipo: non farsi ingannare dagli imbonitori di qualsiasi sorta; non essere provinciali o localisti; favorire uno sguardo nazionale che si collochi in un orizzonte pi\u00f9 vasto, europeo e internazionale &#8211; si traducono in esplicite indicazioni di voto, a favore di altrettanto definiti leader politici. Questo gi\u00e0 non \u00e8 poco, ma tutte le linee guida elettorali della Cei andrebbero smontate riga per riga con un&#8217;infinit\u00e0 di fatti concreti che anche la chiesa, come la stragrande maggioranza dei partiti, ignora e mistifica. Faccio solo qualche esempio. Si dice che non basta guardare soltanto alla crescita economica e si fa riferimento a una ricerca e visione del &#8220;bene comune&#8221;. L&#8217;allusione a valori non economici (antitetici, se non nelle parole almeno nei fatti, alle forze politiche verso cui la Cei pretende di orientare) \u00e8 davvero insostenibile, come l&#8217;appropriazione indebita dell&#8217;espressione &#8220;bene comune&#8221;, ormai svuotata del suo senso e della sua importanza originari da chi ne ha fatto uno slogan alla moda e un titolo vuoto da dare a un paragrafo, altrettanto vuoto, del proprio programma elettorale. Si potrebbe dire che ogni inganno comincia dalle parole, o comunque in esse trova un alleato efficace. Si parla, poi, di un non meglio definito &#8220;progetto di societ\u00e0&#8221;. Roba d&#8217;altri tempi: chi abbia conoscenza di un vero progetto, se non di societ\u00e0, quanto meno di gestione del paese che sia sistematico, completo e soprattutto equo e conseguente in tutte le sue articolazioni, me lo segnali perch\u00e8 in giro non ne ho visti. Al massimo ho letto di risposte pragmatiche a singoli problemi, o magari di una visione un po&#8217; pi\u00f9 ampia in qualche determinato settore (es. ambiente). In questi ultimi casi, poi, gli autori dei programmi non sono quelli che la Cei benedice.<br \/>\nPrecisando che il tono di tutta l&#8217;esternazione della Cei esprime la sua superiorit\u00e0 su una massa di presunti ignoranti e irresponsabili (forse incapaci, come si dice, di &#8220;discernere&#8221;), chiudo con un&#8217;ultima dichiarazione pi\u00f9 o meno testuale: l&#8217;astensionismo \u00e8 un problema molto grande e non votare \u00e8 portare acqua alle difficolt\u00e0 del paese. Punto e basta, senza analizzare le gravi cause che spingono all&#8217;astensione tante persone ferite, tradite, disorientate. A onore del vero, c&#8217;\u00e8 anche qualche astensionista attivo che nella societ\u00e0 vota tutti i giorni, ad esempio boicottando banche, prodotti commerciali, concentrazioni televisive e giornalistiche, associandosi in attivit\u00e0 di utilit\u00e0 sociale, mantenendosi onesto e coerente in un sistema che continuamente lo impedisce.\u00a0 E invece la Cei trasferisce un problema che \u00e8 a monte su una sua conseguenza, additando l&#8217;astensionismo come una vergogna pubblica e facendo leva sul solito, cattolico senso di colpa. Al &#8220;se sei comunista confessalo&#8221; di antica memoria si sta sostituendo un &#8220;se sei astensionista confessalo&#8221;. Se \u00e8 cos\u00ec, confesso subito di avere gi\u00e0 peccato. Nel solo pensiero, per\u00f2&#8230; E che dio, se davvero c&#8217;\u00e8 ma non in Vaticano, nella notte preelettorale mi porti altro consiglio.<\/p>\n","protected":false},"excerpt":{"rendered":"<p>Non finir\u00f2 mai di ripetere quanto sia necessaria per uno stato la laicit\u00e0, garanzia di equilibrio tra cittadini con sensibilit\u00e0 differenti e di separazione netta, per chi crede, tra fede e interessi materiali. L&#8217;Italia, si sa, per avere il Vaticano &hellip; <a href=\"https:\/\/www.marinadellabella.it\/?p=3201\">Continua a leggere<span class=\"meta-nav\">&rarr;<\/span><\/a><\/p>\n","protected":false},"author":1,"featured_media":0,"comment_status":"closed","ping_status":"open","sticky":false,"template":"","format":"standard","meta":{"footnotes":""},"categories":[10],"tags":[206,205,50],"class_list":["post-3201","post","type-post","status-publish","format-standard","hentry","category-politica","tag-cei","tag-elezioni","tag-vaticano"],"_links":{"self":[{"href":"https:\/\/www.marinadellabella.it\/index.php?rest_route=\/wp\/v2\/posts\/3201","targetHints":{"allow":["GET"]}}],"collection":[{"href":"https:\/\/www.marinadellabella.it\/index.php?rest_route=\/wp\/v2\/posts"}],"about":[{"href":"https:\/\/www.marinadellabella.it\/index.php?rest_route=\/wp\/v2\/types\/post"}],"author":[{"embeddable":true,"href":"https:\/\/www.marinadellabella.it\/index.php?rest_route=\/wp\/v2\/users\/1"}],"replies":[{"embeddable":true,"href":"https:\/\/www.marinadellabella.it\/index.php?rest_route=%2Fwp%2Fv2%2Fcomments&post=3201"}],"version-history":[{"count":9,"href":"https:\/\/www.marinadellabella.it\/index.php?rest_route=\/wp\/v2\/posts\/3201\/revisions"}],"predecessor-version":[{"id":3871,"href":"https:\/\/www.marinadellabella.it\/index.php?rest_route=\/wp\/v2\/posts\/3201\/revisions\/3871"}],"wp:attachment":[{"href":"https:\/\/www.marinadellabella.it\/index.php?rest_route=%2Fwp%2Fv2%2Fmedia&parent=3201"}],"wp:term":[{"taxonomy":"category","embeddable":true,"href":"https:\/\/www.marinadellabella.it\/index.php?rest_route=%2Fwp%2Fv2%2Fcategories&post=3201"},{"taxonomy":"post_tag","embeddable":true,"href":"https:\/\/www.marinadellabella.it\/index.php?rest_route=%2Fwp%2Fv2%2Ftags&post=3201"}],"curies":[{"name":"wp","href":"https:\/\/api.w.org\/{rel}","templated":true}]}}