{"id":3227,"date":"2013-03-02T11:43:40","date_gmt":"2013-03-02T10:43:40","guid":{"rendered":"http:\/\/www.marinadellabella.it\/?p=3227"},"modified":"2015-09-22T11:39:50","modified_gmt":"2015-09-22T10:39:50","slug":"di-questi-giorni","status":"publish","type":"post","link":"https:\/\/www.marinadellabella.it\/?p=3227","title":{"rendered":"Di questi giorni"},"content":{"rendered":"<p><span class=\"vvqbox vvqyoutube\" style=\"width:350px;height:280px;\"><span id=\"vvq-3227-youtube-1\"><a href=\"http:\/\/www.youtube.com\/watch?v=2px-6gdD0C8\"><img decoding=\"async\" src=\"http:\/\/img.youtube.com\/vi\/2px-6gdD0C8\/0.jpg\" alt=\"Immagine anteprima YouTube\" \/><\/a><\/span><\/span>Questi giorni dovrebbero essere di silenzio riflessivo e di pochissime parole, da dirsi soltanto se accompagnate da atti concreti che cambino profondamente il sistema politico che \u00e8 imploso. E invece si riversano ovunque (in rete, sui giornali e nelle tv) fiumi di discorsi inutili. L&#8217;entropia \u00e8 alta, troppo alta ovunque, e un movimento di cellule presunte sane rischia di essere aggredito dallo stesso virus che ha mangiato da dentro i partiti. Occorrono calma, coraggio e profonda limpidezza di sguardo, perch\u00e9 si tratter\u00e0 di guardare l&#8217;abisso senza esserne risucchiati. I giovani a cinque stelle si proteggano, vadano in cima a qualche montagna o in mezzo a qualche campagna, stiano l\u00ec tutti insieme in una specie di ritiro a respirare profondamente e a concentrarsi. Fino all&#8217;ingresso nel palazzo, integri almeno fin l\u00ec. Dove la partita non sar\u00e0 semplice, perch\u00e8\u00a0si tratter\u00e0 di difendere un grande patrimonio di speranze elettorali da meccanismi da guerra molto ben oliati. E tutto questo mentre il paese sprofonda in una crisi senza precedenti, con i veri responsabili che tentano di proiettare la propria annosa inadeguatezza sugli ultimi arrivati.<br \/>\nPersonalmente non credo negli intellettuali come categoria, come non credo in quelli che vengono definiti lavoratori della conoscenza, ancora una volta ingabbiati in una categoria. Tanto meno credo che si tratti, in entrambi i casi, di gruppi di maggiore importanza sociale rispetto, ad esempio, a quelli dei camionisti o dei braccianti a giornata. Anzi, credo che qualsiasi attivit\u00e0 intellettuale vada accompagnata da un forte spirito di servizio e da un continuo mescolamento con la realt\u00e0, pena la possibilit\u00e0 stessa di darsi. E allora, in risposta a fiumi di parole cosiddette intellettuali scorsi in questi giorni, molto capaci di certezze e poco di dubbi e speranze, scelgo il cortocircuito di una poesia scritta e cantata da Fabrizio De Andr\u00e9: smisurata come solo le poesie vere sanno essere, e soprattutto capace di realt\u00e0.<\/p>\n","protected":false},"excerpt":{"rendered":"<p>Questi giorni dovrebbero essere di silenzio riflessivo e di pochissime parole, da dirsi soltanto se accompagnate da atti concreti che cambino profondamente il sistema politico che \u00e8 imploso. E invece si riversano ovunque (in rete, sui giornali e nelle tv) &hellip; <a href=\"https:\/\/www.marinadellabella.it\/?p=3227\">Continua a leggere<span class=\"meta-nav\">&rarr;<\/span><\/a><\/p>\n","protected":false},"author":1,"featured_media":0,"comment_status":"closed","ping_status":"open","sticky":false,"template":"","format":"standard","meta":{"footnotes":""},"categories":[10],"tags":[210,209,211],"class_list":["post-3227","post","type-post","status-publish","format-standard","hentry","category-politica","tag-fabrizio-de-andre","tag-intellettuali","tag-smisurata-preghiera"],"_links":{"self":[{"href":"https:\/\/www.marinadellabella.it\/index.php?rest_route=\/wp\/v2\/posts\/3227","targetHints":{"allow":["GET"]}}],"collection":[{"href":"https:\/\/www.marinadellabella.it\/index.php?rest_route=\/wp\/v2\/posts"}],"about":[{"href":"https:\/\/www.marinadellabella.it\/index.php?rest_route=\/wp\/v2\/types\/post"}],"author":[{"embeddable":true,"href":"https:\/\/www.marinadellabella.it\/index.php?rest_route=\/wp\/v2\/users\/1"}],"replies":[{"embeddable":true,"href":"https:\/\/www.marinadellabella.it\/index.php?rest_route=%2Fwp%2Fv2%2Fcomments&post=3227"}],"version-history":[{"count":10,"href":"https:\/\/www.marinadellabella.it\/index.php?rest_route=\/wp\/v2\/posts\/3227\/revisions"}],"predecessor-version":[{"id":3870,"href":"https:\/\/www.marinadellabella.it\/index.php?rest_route=\/wp\/v2\/posts\/3227\/revisions\/3870"}],"wp:attachment":[{"href":"https:\/\/www.marinadellabella.it\/index.php?rest_route=%2Fwp%2Fv2%2Fmedia&parent=3227"}],"wp:term":[{"taxonomy":"category","embeddable":true,"href":"https:\/\/www.marinadellabella.it\/index.php?rest_route=%2Fwp%2Fv2%2Fcategories&post=3227"},{"taxonomy":"post_tag","embeddable":true,"href":"https:\/\/www.marinadellabella.it\/index.php?rest_route=%2Fwp%2Fv2%2Ftags&post=3227"}],"curies":[{"name":"wp","href":"https:\/\/api.w.org\/{rel}","templated":true}]}}