{"id":3287,"date":"2013-04-18T07:03:14","date_gmt":"2013-04-18T06:03:14","guid":{"rendered":"http:\/\/www.marinadellabella.it\/?p=3287"},"modified":"2014-07-07T16:02:33","modified_gmt":"2014-07-07T15:02:33","slug":"questo-e-il-mio-presidente","status":"publish","type":"post","link":"https:\/\/www.marinadellabella.it\/?p=3287","title":{"rendered":"Questo \u00e8 il mio presidente"},"content":{"rendered":"<p><a href=\"https:\/\/www.marinadellabella.it\/?attachment_id=3290\" rel=\"attachment wp-att-3290\"><img loading=\"lazy\" decoding=\"async\" class=\"alignleft  wp-image-3290\" title=\"Stefano Rodota\u0300\" src=\"https:\/\/www.marinadellabella.it\/wp-content\/uploads\/2013\/04\/Stefano-Rodota\u03002.jpg\" alt=\"\" width=\"260\" height=\"224\" \/><\/a>Oggi giornata difficile, si inizia a votare per il nuovo Presidente della Repubblica. Non credo che le sorti di milioni e milioni di italiani, stretti in una crisi economica e di valori senza precedenti, possa dipendere soltanto dalle scelte di una Presidenza della Repubblica o da quelle delle massime istituzioni dello stato. La democrazia \u00e8 saltata e va ricostruita, il lavoro \u00e8 lungo e continuamente ostacolato da poteri che oggi si rafforzano globalmente in nome delle banche, della finanza, dei mercati. Detto questo, esiste comunque la necessit\u00e0 forte di difendere quel che resta delle istituzioni democratiche italiane da eversori e piduisti che cercano continuit\u00e0, impunit\u00e0, affari. Siamo inoltre in emergenza su tutto: diritti civili, valori costituzionali (a cominciare dal lavoro), beni comuni, informazione, laicismo. La persona di Stefano Rodot\u00e0 \u00e8 una forte sintesi (teorica, di impegno e di esperienza) di tutti gli elementi necessari per ricostruire quello che altri, ancora a piede libero e urlanti nei salotti televisivi e sotto i palazzi di giustizia, ci hanno distrutto. Altra strada non c&#8217;\u00e8, e se qualcuno vorr\u00e0 convincerci del contrario si mostrer\u00e0 per quello che \u00e8: un portatore d&#8217;acqua al golpismo, strisciante e permanente.<\/p>\n","protected":false},"excerpt":{"rendered":"<p>Oggi giornata difficile, si inizia a votare per il nuovo Presidente della Repubblica. Non credo che le sorti di milioni e milioni di italiani, stretti in una crisi economica e di valori senza precedenti, possa dipendere soltanto dalle scelte di &hellip; <a href=\"https:\/\/www.marinadellabella.it\/?p=3287\">Continua a leggere<span class=\"meta-nav\">&rarr;<\/span><\/a><\/p>\n","protected":false},"author":1,"featured_media":0,"comment_status":"closed","ping_status":"open","sticky":false,"template":"","format":"standard","meta":{"footnotes":""},"categories":[10],"tags":[216,215],"class_list":["post-3287","post","type-post","status-publish","format-standard","hentry","category-politica","tag-presidente-della-repubblica","tag-stefano-rodota"],"_links":{"self":[{"href":"https:\/\/www.marinadellabella.it\/index.php?rest_route=\/wp\/v2\/posts\/3287","targetHints":{"allow":["GET"]}}],"collection":[{"href":"https:\/\/www.marinadellabella.it\/index.php?rest_route=\/wp\/v2\/posts"}],"about":[{"href":"https:\/\/www.marinadellabella.it\/index.php?rest_route=\/wp\/v2\/types\/post"}],"author":[{"embeddable":true,"href":"https:\/\/www.marinadellabella.it\/index.php?rest_route=\/wp\/v2\/users\/1"}],"replies":[{"embeddable":true,"href":"https:\/\/www.marinadellabella.it\/index.php?rest_route=%2Fwp%2Fv2%2Fcomments&post=3287"}],"version-history":[{"count":3,"href":"https:\/\/www.marinadellabella.it\/index.php?rest_route=\/wp\/v2\/posts\/3287\/revisions"}],"predecessor-version":[{"id":3868,"href":"https:\/\/www.marinadellabella.it\/index.php?rest_route=\/wp\/v2\/posts\/3287\/revisions\/3868"}],"wp:attachment":[{"href":"https:\/\/www.marinadellabella.it\/index.php?rest_route=%2Fwp%2Fv2%2Fmedia&parent=3287"}],"wp:term":[{"taxonomy":"category","embeddable":true,"href":"https:\/\/www.marinadellabella.it\/index.php?rest_route=%2Fwp%2Fv2%2Fcategories&post=3287"},{"taxonomy":"post_tag","embeddable":true,"href":"https:\/\/www.marinadellabella.it\/index.php?rest_route=%2Fwp%2Fv2%2Ftags&post=3287"}],"curies":[{"name":"wp","href":"https:\/\/api.w.org\/{rel}","templated":true}]}}