{"id":3294,"date":"2013-04-22T20:59:12","date_gmt":"2013-04-22T19:59:12","guid":{"rendered":"http:\/\/www.marinadellabella.it\/?p=3294"},"modified":"2014-07-07T16:00:22","modified_gmt":"2014-07-07T15:00:22","slug":"labbraccio-del-ventennio","status":"publish","type":"post","link":"https:\/\/www.marinadellabella.it\/?p=3294","title":{"rendered":"L&#8217;abbraccio del Ventennio"},"content":{"rendered":"<p><a href=\"https:\/\/www.marinadellabella.it\/?attachment_id=3299\" rel=\"attachment wp-att-3299\"><img loading=\"lazy\" decoding=\"async\" class=\"alignleft  wp-image-3299\" title=\"Bersani e Alfano\" src=\"https:\/\/www.marinadellabella.it\/wp-content\/uploads\/2013\/04\/Bersani-e-Alfano.jpg\" alt=\"\" width=\"279\" height=\"200\" \/><\/a>Proprio oggi, giorno in cui Giorgio Napolitano si insedia per la seconda volta come Presidente della\u00a0 Repubblica, sono state distrutte le intercettazioni telefoniche tra lui e l&#8217;ex Ministro dell&#8217;Interno Nicola Mancino, eseguite durante l&#8217;inchiesta sulla trattativa stato-mafia e tolte di mezzo per decisione della Corte costituzionale a seguito del conflitto di attribuzioni sollevato dal Quirinale stesso. Una coincidenza, naturalmente, come tante altre. Come quella, ad esempio, che si trovi in un lampo (ma magari era pronto da tempo) l&#8217;accordo PD-PDL per la sua rielezione, come molto probabilmente quello per la formazione di un governo sempre pi\u00f9 lontano dai cittadini ma vicino e gradito agli innominabili. E anche ai nominabili, nazionali e internazionali: banche, finanza, mercati, Vaticano e Cei, massoneria, servizi (non quelli pubblici, naturalmente, ma quelli segreti). Nel suo passato settennato Napolitano \u00e8 stato tutto fuorch\u00e9 rispettoso delle prerogative a lui affidate dalla Costituzione, non soltanto avallando vergognose leggi a garanzia degli interessi di Berlusconi, dei suoi e non soltanto dei suoi (basti l&#8217;esempio dello scudo fiscale, caso tutt&#8217;altro che limpido di condivisione tra pi\u00f9 partiti) ma, cosa anche pi\u00f9 grave, intervenendo nella stessa fase di formazione delle leggi suggerendo, orientando, concordando. In poche parole, Napolitano ha interpretato il suo ruolo forzandolo. Seguendo questa scia, \u00e8 poi arrivato al commissariamento dei partiti e del paese, senz&#8217;altro eterodiretto e favorito non dalla debolezza dei partiti stessi (come vorrebbero farci credere) ma da una loro metamorfosi in comitati d&#8217;affari ormai giunta a pieno compimento. Quegli stessi partiti che ci hanno fatto precipitare in una crisi spaventosa mettendo al centro i loro affari oggi chiedono al &#8220;loro&#8221; Presidente la garanzia di poter continuare a essere quello che sono e a fare quello che finora hanno sempre fatto. E intanto seminano morti: si ammazzano imprenditori senza speranze ed esodati mentre, guarda caso, volano gi\u00f9 dai palazzi manager di banche (vi dice niente il Monte dei Paschi di Siena?). Complici i sistemi d&#8217;informazione, silenziosi sugli scandali e roboanti in difesa di affari di cui sono pi\u00f9 o meno direttamente parte. E complice la stragrande maggioranza della popolazione italiana, in parte drogata dai media, in parte sfinita dalla crisi e in parte (e questa \u00e8 la componente pi\u00f9 micidiale) legata alla posizione che ricopre nella piramide dei favori, delle carriere, dei ricatti. Siamo ormai un paese in liquidazione e quella piramide sta diventando sempre pi\u00f9 verticale e feroce, perch\u00e9 da una parte la torta da spartirsi diminuisce e dall&#8217;altra aumenta l&#8217;interesse a diventarne liquidatori, svendendo pezzi a destra e manca in cambio di qualche tornaconto. Questa, in soldoni, sar\u00e0 l&#8217;agenda del prossimo governo, da concordare con (o da derivare da) una superentit\u00e0 europea finanziaria e basta, che stringer\u00e0 il cappio attorno ai paesi senza badare troppo n\u00e9 alla sopravvivenza delle popolazioni n\u00e9 alla loro libert\u00e0. Quell&#8217;agenda sar\u00e0 ben salda in mano a un Presidente della Repubblica con poteri ben superiori a quelli che la Costituzione gli conferisce, e a chi lui stesso sceglier\u00e0 (o avr\u00e0 gi\u00e0 scelto) come Presidente del Consiglio. Tutto ci\u00f2 avverr\u00e0 imponendo ai partiti quel commissariamento gi\u00e0 in atto fin dal governo Monti, poi proseguito con la trovata dei dieci saggi ed ora con quest&#8217;ultima investitura quasi regale (il fantasma di re Umberto rincorre Napolitano potrebbe dirsi fin dalla nascita), cos\u00ec tanto suggestiva e commovente per molti degli italiani, convinti di essere nelle mani di un buon patriarca che far\u00e0 di tutto per salvarli. E per salvarsi, distruggendo anche l&#8217;agenda per non lasciarne prove, se ci sar\u00e0 bisogno. Quell&#8217;agenda, tra l&#8217;altro, non sar\u00e0 certo rossa (come quella di Borsellino ucciso dalla mafia o come quella di tanti comunisti emarginati e distrutti dalle magnifiche sorti miglioriste del Napolitano che fu e dei suoi amici) ma nera come la Lega dei fucili di Bossi e come l&#8217;eversione piduista e berlusconiana che siede in Parlamento, abbracciata qualche giorno fa da Bersani in favore di telecamere, in uno slancio di sincera dimostrazione di quel che \u00e8 stato il suo, il loro, il nostro ultimo Ventennio. E si permettono pure, questi, di dare lezioni di democrazia a Beppe Grillo e al Movimento Cinque Stelle, costretti pure a correggersi se parlano di golpe. Certo, un golpe tecnicamente inteso potr\u00e0 anche essere un&#8217;altra cosa, ma allora ce la trovino loro una parola che definisca la distruzione della democrazia che vanno perfezionando, la trovino loro una parola che li descriva. Magari pi\u00f9 moderna ed elegante, magari pi\u00f9 educata, magari pi\u00f9 originale e aggiornata di &#8220;gerarca&#8221;.<br \/>\nSi avvicina il 25 aprile e ho tanto bisogno di una nuova Liberazione. Il mio antifascismo, che non ha mai avuto casa, ogni anno si rinnova nel suo nomadismo, anche per esorcizzare il vuoto e i pericoli di ora e di domani. Mi \u00e8 capitato di fare il 25 aprile un po&#8217; dovunque, a volte con gli anarchici, a volte con i centri sociali o con gli studenti, a volte addirittura in qualche paese di destra dove la banda cittadina non poteva nemmeno suonare Bella ciao. Che si \u00e8 cantata lo stesso, magari pi\u00f9 forte. In questi giorni, per\u00f2, si \u00e8 proprio passato il segno.\u00a0 Cos\u00ec ho deciso che il 25 aprile sar\u00f2 in corteo a Parma, chiss\u00e0 che l\u00ec non mi senta un po&#8217; meglio.<\/p>\n","protected":false},"excerpt":{"rendered":"<p>Proprio oggi, giorno in cui Giorgio Napolitano si insedia per la seconda volta come Presidente della\u00a0 Repubblica, sono state distrutte le intercettazioni telefoniche tra lui e l&#8217;ex Ministro dell&#8217;Interno Nicola Mancino, eseguite durante l&#8217;inchiesta sulla trattativa stato-mafia e tolte di &hellip; <a href=\"https:\/\/www.marinadellabella.it\/?p=3294\">Continua a leggere<span class=\"meta-nav\">&rarr;<\/span><\/a><\/p>\n","protected":false},"author":1,"featured_media":0,"comment_status":"closed","ping_status":"open","sticky":false,"template":"","format":"standard","meta":{"footnotes":""},"categories":[10],"tags":[217,141,216],"class_list":["post-3294","post","type-post","status-publish","format-standard","hentry","category-politica","tag-antifascismo","tag-giorgio-napolitano","tag-presidente-della-repubblica"],"_links":{"self":[{"href":"https:\/\/www.marinadellabella.it\/index.php?rest_route=\/wp\/v2\/posts\/3294","targetHints":{"allow":["GET"]}}],"collection":[{"href":"https:\/\/www.marinadellabella.it\/index.php?rest_route=\/wp\/v2\/posts"}],"about":[{"href":"https:\/\/www.marinadellabella.it\/index.php?rest_route=\/wp\/v2\/types\/post"}],"author":[{"embeddable":true,"href":"https:\/\/www.marinadellabella.it\/index.php?rest_route=\/wp\/v2\/users\/1"}],"replies":[{"embeddable":true,"href":"https:\/\/www.marinadellabella.it\/index.php?rest_route=%2Fwp%2Fv2%2Fcomments&post=3294"}],"version-history":[{"count":7,"href":"https:\/\/www.marinadellabella.it\/index.php?rest_route=\/wp\/v2\/posts\/3294\/revisions"}],"predecessor-version":[{"id":3302,"href":"https:\/\/www.marinadellabella.it\/index.php?rest_route=\/wp\/v2\/posts\/3294\/revisions\/3302"}],"wp:attachment":[{"href":"https:\/\/www.marinadellabella.it\/index.php?rest_route=%2Fwp%2Fv2%2Fmedia&parent=3294"}],"wp:term":[{"taxonomy":"category","embeddable":true,"href":"https:\/\/www.marinadellabella.it\/index.php?rest_route=%2Fwp%2Fv2%2Fcategories&post=3294"},{"taxonomy":"post_tag","embeddable":true,"href":"https:\/\/www.marinadellabella.it\/index.php?rest_route=%2Fwp%2Fv2%2Ftags&post=3294"}],"curies":[{"name":"wp","href":"https:\/\/api.w.org\/{rel}","templated":true}]}}