{"id":3305,"date":"2013-04-29T08:54:16","date_gmt":"2013-04-29T07:54:16","guid":{"rendered":"http:\/\/www.marinadellabella.it\/?p=3305"},"modified":"2014-07-07T16:00:22","modified_gmt":"2014-07-07T15:00:22","slug":"i-passi-della-scrittura-tre","status":"publish","type":"post","link":"https:\/\/www.marinadellabella.it\/?p=3305","title":{"rendered":"I passi della scrittura (tre)"},"content":{"rendered":"<p style=\"margin-bottom: 0cm;\"><a href=\"https:\/\/www.marinadellabella.it\/?attachment_id=3309\" rel=\"attachment wp-att-3309\"><img loading=\"lazy\" decoding=\"async\" class=\"alignleft  wp-image-3309\" title=\"giraffa\" src=\"https:\/\/www.marinadellabella.it\/wp-content\/uploads\/2013\/04\/giraffa.jpg\" alt=\"\" width=\"160\" height=\"199\" \/><\/a>La mia nuova raccolta di versi \u00e8 conclusa. Iniziata a fine settembre 2012 e terminata il 21 marzo scorso, ha richiesto un mese di tempo per selezionare le poesie da includere (85 su 101) e per la revisione generale. Il 24 aprile ho chiuso definitivamente il file con un misto di fatica e sollievo. Il giorno dopo ho festeggiato la Liberazione per le strade di Parma, portando dentro di me questa piccola novit\u00e0.<br \/>\nOra sono in attesa di qualche copia stampata da distribuire agli amici per una prima lettura, poi si vedr\u00e0. Come ripeteva Dario Bellezza, tutto si consuma nell&#8217;atto stesso dello scrivere, il resto non ci riguarda. Oggi mi sento di aggiungere che al massimo riguarder\u00e0 gli altri, se mai si sar\u00e0 scritto qualcosa di buono e utile per loro. Il che non \u00e8 mai facile, naturalmente.<br \/>\nQuesta volta la raccolta \u00e8 nata sotto la spinta, emotiva e razionale insieme, di un fatto di cronaca accaduto nel settembre dell&#8217;anno scorso. Un cucciolo di giraffa di nome Aleksander era fuggito da un circo finendo nei nostri spazi cosiddetti civilizzati, trovandovi infine la morte. Personalmente ho visto in questo episodio e nella sua spettacolarizzazione una sintesi potente del degrado e della mistificazione in cui viviamo ogni giorno. Dal quotidiano gli inermi sono aggrediti o espulsi per difetto di omologazione. Un animale fuori del suo mondo \u00e8 inerme; un bambino, un anziano o un disabile \u00e8 inerme; un escluso dal lavoro \u00e8 inerme; un migrante \u00e8 inerme; un civile sotto le bombe \u00e8 inerme; chi si suicida \u00e8 inerme. Anche chi per disperazione rivolge il suo gesto contro altri fino a un attimo prima era inerme e senza via d&#8217;uscita.<br \/>\nLa fine di Aleksander \u00e8 un esempio come tanti della rapida eliminazione di chi \u00e8 inerme in quanto problema, subdolo per i falsi sentimenti che muove e per la sua banalizzazione in facili schieramenti a favore o contro l&#8217;impiego di animali nei circhi. A me, soprattutto, interessava scrivere del grande circo che ci contiene, con gabbie dorate o arrugginite, serrate oppure socchiuse, magari per questo anche pi\u00f9 pericolose. Forse l&#8217;illusione di dare forza a chi non pu\u00f2 difendersi mi ha dettato parole, suoni e ritmi. Che poi ho a lungo asciugato e ripulito, per essenzialit\u00e0 e rigore necessari quando si tratta di descrivere e riflettere quello che stiamo e sto vivendo. Dentro ci sono infatti i cambiamenti climatici e le piogge torrenziali, Taranto e l&#8217;Ilva, il Salto di Quirra, i sindacati, la politica e gli affari, la bellezza struggente di Venezia e quella delle nostre campagne, tracce qua e l\u00e0 del mio passato e dei miei affetti, il mare di qui e le montagne oltre confine, denunce e domande, il tutto accompagnato dal passo smarrito di un cucciolo fuori misura. Un po&#8217; come tanti di noi, oggi, di fronte al gelo che avanza.<\/p>\n","protected":false},"excerpt":{"rendered":"<p>La mia nuova raccolta di versi \u00e8 conclusa. Iniziata a fine settembre 2012 e terminata il 21 marzo scorso, ha richiesto un mese di tempo per selezionare le poesie da includere (85 su 101) e per la revisione generale. Il &hellip; <a href=\"https:\/\/www.marinadellabella.it\/?p=3305\">Continua a leggere<span class=\"meta-nav\">&rarr;<\/span><\/a><\/p>\n","protected":false},"author":1,"featured_media":0,"comment_status":"closed","ping_status":"open","sticky":false,"template":"","format":"standard","meta":{"footnotes":""},"categories":[13],"tags":[17],"class_list":["post-3305","post","type-post","status-publish","format-standard","hentry","category-letteratura","tag-poesia"],"_links":{"self":[{"href":"https:\/\/www.marinadellabella.it\/index.php?rest_route=\/wp\/v2\/posts\/3305","targetHints":{"allow":["GET"]}}],"collection":[{"href":"https:\/\/www.marinadellabella.it\/index.php?rest_route=\/wp\/v2\/posts"}],"about":[{"href":"https:\/\/www.marinadellabella.it\/index.php?rest_route=\/wp\/v2\/types\/post"}],"author":[{"embeddable":true,"href":"https:\/\/www.marinadellabella.it\/index.php?rest_route=\/wp\/v2\/users\/1"}],"replies":[{"embeddable":true,"href":"https:\/\/www.marinadellabella.it\/index.php?rest_route=%2Fwp%2Fv2%2Fcomments&post=3305"}],"version-history":[{"count":13,"href":"https:\/\/www.marinadellabella.it\/index.php?rest_route=\/wp\/v2\/posts\/3305\/revisions"}],"predecessor-version":[{"id":3319,"href":"https:\/\/www.marinadellabella.it\/index.php?rest_route=\/wp\/v2\/posts\/3305\/revisions\/3319"}],"wp:attachment":[{"href":"https:\/\/www.marinadellabella.it\/index.php?rest_route=%2Fwp%2Fv2%2Fmedia&parent=3305"}],"wp:term":[{"taxonomy":"category","embeddable":true,"href":"https:\/\/www.marinadellabella.it\/index.php?rest_route=%2Fwp%2Fv2%2Fcategories&post=3305"},{"taxonomy":"post_tag","embeddable":true,"href":"https:\/\/www.marinadellabella.it\/index.php?rest_route=%2Fwp%2Fv2%2Ftags&post=3305"}],"curies":[{"name":"wp","href":"https:\/\/api.w.org\/{rel}","templated":true}]}}