{"id":3324,"date":"2013-05-26T20:43:47","date_gmt":"2013-05-26T19:43:47","guid":{"rendered":"http:\/\/www.marinadellabella.it\/?p=3324"},"modified":"2014-07-07T16:00:22","modified_gmt":"2014-07-07T15:00:22","slug":"damore-e-di-battaglie","status":"publish","type":"post","link":"https:\/\/www.marinadellabella.it\/?p=3324","title":{"rendered":"D&#8217;amore e di battaglie"},"content":{"rendered":"<p><a href=\"https:\/\/www.marinadellabella.it\/?attachment_id=3327\" rel=\"attachment wp-att-3327\"><img loading=\"lazy\" decoding=\"async\" class=\"alignleft  wp-image-3327\" title=\"Andrea Gallo\" alt=\"\" src=\"https:\/\/www.marinadellabella.it\/wp-content\/uploads\/2013\/05\/Andrea-Gallo.jpg\" width=\"223\" height=\"196\" \/><\/a>Andrea Gallo non finisce con il suo funerale, sparso tra chiese differenti per gerarchie sociali e tra chiese e piazze, anch&#8217;esse in gran parte differenti. Non finisce con foto, video e pagine di giornali costretti a parlarne perch\u00e9 la sua morte fa notizia. Chi crede di averlo seppellito con un necrologio buono per tutte le testate di regime, falsamente progressiste oppure ottusamente reazionarie, si metta l&#8217;anima in pace. Anche a corrergli dietro don Gallo non si acchiappa. Il suo passo \u00e8 pi\u00f9 avanti, nell&#8217;amore sconfinato per gli ultimi e per le infinite battaglie in loro difesa. Nel suo spirito straordinario, saldato alla concretezza quotidiana della sofferenza, per un suo riscatto necessario.<br \/>\nDon Gallo non \u00e8 uguale a nessuno, mentre lascia a ciascuno un&#8217;eredit\u00e0 differente, un germe di pensiero su cui riflettere e lavorare. Al di l\u00e0 di tante inutili parole, ora lui \u00e8 questo: un grande esempio di forza controcorrente e necessaria perch\u00e9 il sacro si faccia profano e cammini per strada con un passo nuovo, per un vero progetto di liberazione.<br \/>\nChi cercher\u00e0 don Gallo potr\u00e0 trovarlo <a href=\"http:\/\/www.sanbenedetto.org\/\">qui<\/a> e dovunque ci sar\u00e0 da combattere per un altro mondo possibile. L&#8217;altro ieri era sopra le spalle dei camalli, oggi in una fessura d&#8217;azzurro apparsa all&#8217;improvviso in un cielo di piombo: era con Carlo Giuliani, dietro una sciarpa rossa a ridere come un bambino.<\/p>\n","protected":false},"excerpt":{"rendered":"<p>Andrea Gallo non finisce con il suo funerale, sparso tra chiese differenti per gerarchie sociali e tra chiese e piazze, anch&#8217;esse in gran parte differenti. Non finisce con foto, video e pagine di giornali costretti a parlarne perch\u00e9 la sua &hellip; <a href=\"https:\/\/www.marinadellabella.it\/?p=3324\">Continua a leggere<span class=\"meta-nav\">&rarr;<\/span><\/a><\/p>\n","protected":false},"author":1,"featured_media":0,"comment_status":"closed","ping_status":"open","sticky":false,"template":"","format":"standard","meta":{"footnotes":""},"categories":[1],"tags":[380,219],"class_list":["post-3324","post","type-post","status-publish","format-standard","hentry","category-uncategorized","tag-andrea-gallo","tag-comunita-di-san-benedetto-al-porto"],"_links":{"self":[{"href":"https:\/\/www.marinadellabella.it\/index.php?rest_route=\/wp\/v2\/posts\/3324","targetHints":{"allow":["GET"]}}],"collection":[{"href":"https:\/\/www.marinadellabella.it\/index.php?rest_route=\/wp\/v2\/posts"}],"about":[{"href":"https:\/\/www.marinadellabella.it\/index.php?rest_route=\/wp\/v2\/types\/post"}],"author":[{"embeddable":true,"href":"https:\/\/www.marinadellabella.it\/index.php?rest_route=\/wp\/v2\/users\/1"}],"replies":[{"embeddable":true,"href":"https:\/\/www.marinadellabella.it\/index.php?rest_route=%2Fwp%2Fv2%2Fcomments&post=3324"}],"version-history":[{"count":7,"href":"https:\/\/www.marinadellabella.it\/index.php?rest_route=\/wp\/v2\/posts\/3324\/revisions"}],"predecessor-version":[{"id":3610,"href":"https:\/\/www.marinadellabella.it\/index.php?rest_route=\/wp\/v2\/posts\/3324\/revisions\/3610"}],"wp:attachment":[{"href":"https:\/\/www.marinadellabella.it\/index.php?rest_route=%2Fwp%2Fv2%2Fmedia&parent=3324"}],"wp:term":[{"taxonomy":"category","embeddable":true,"href":"https:\/\/www.marinadellabella.it\/index.php?rest_route=%2Fwp%2Fv2%2Fcategories&post=3324"},{"taxonomy":"post_tag","embeddable":true,"href":"https:\/\/www.marinadellabella.it\/index.php?rest_route=%2Fwp%2Fv2%2Ftags&post=3324"}],"curies":[{"name":"wp","href":"https:\/\/api.w.org\/{rel}","templated":true}]}}