{"id":3335,"date":"2013-05-30T15:54:55","date_gmt":"2013-05-30T14:54:55","guid":{"rendered":"http:\/\/www.marinadellabella.it\/?p=3335"},"modified":"2014-07-07T16:00:22","modified_gmt":"2014-07-07T15:00:22","slug":"il-rumore-del-nostro-passato","status":"publish","type":"post","link":"https:\/\/www.marinadellabella.it\/?p=3335","title":{"rendered":"Il rumore del nostro passato"},"content":{"rendered":"<p><a href=\"https:\/\/www.marinadellabella.it\/?attachment_id=3338\" rel=\"attachment wp-att-3338\"><img loading=\"lazy\" decoding=\"async\" class=\"alignleft  wp-image-3338\" title=\"MORTA FRANCA RAME\" alt=\"\" src=\"https:\/\/www.marinadellabella.it\/wp-content\/uploads\/2013\/05\/Franca-Rame-300x208.jpg\" width=\"286\" height=\"200\" \/><\/a>Nel giro di pochi giorni abbiamo perso Andrea Gallo e Franca Rame. Se ne vanno gli esempi, quelli forti e veri. Quelli di cui, purtroppo, giornali e tv parlano in forma addomesticata, edulcorata, omissiva, riducendoli a specie di omogeneizzati ad alta digeribilit\u00e0, utili anche per appagare e contemporaneamente sopire qualsiasi istinto di ribellione ancora sparso qua e l\u00e0 in questo paese di servi. Perch\u00e9 questo \u00e8 un paese di servi, di gente che si vende per molto e anche per molto poco, per garantirsi imperi economici e colonie finanziarie ma anche, semplicemente, per avere un minuto di gloria in uno studio televisivo o un qualche favore per s\u00e9, per il proprio clan. Questo \u00e8 un paese che dimentica in fretta, tutto: le peggiori ferite al suo corpo democratico e le pi\u00f9 grandi conquiste strappate con decenni di lotte, di coraggio, di aperta disobbedienza e di libera autodeterminazione. Questo \u00e8 un paese di furbi, di tattici, di ambigui, di personaggi che ogni giorno ti passano accanto con il loro grigiore pavido e con false scintille di egualitarismo di facciata, con slogan pronunciati e intanto traditi, con deleghe in bianco su cui poggiare carriere da rampanti della peggiore politica, che ora si allea apertamente con chi si \u00e8 sempre, di fatto, alleata: con fascisti, mafiosi, populisti e poi seconde linee, nascoste dietro il clamore che distoglie da trattative e affari indicibili. Oppure dicibili, come se niente fosse, di fronte a un paese incapace di chiedere almeno il conto.<br \/>\nSe ne vanno anche gli ultimi esempi di un modo differente di vivere la politica, l&#8217;impegno sociale e culturale. Guarda caso appartengono a una vecchia generazione, quella che avremmo dovuto abbracciare e onorare prendendola a costante riferimento del nostro agire e che invece \u00e8 rimasta sommersa da alleanze mediatiche e politico-affaristiche che hanno fatto vuoto di tutto, di ideali, di vite, di futuro. E anche di presente, mangiandosi la realt\u00e0 a bocconi, in una bulimia oscena che macina i drammi della crisi e i pochi, troppo pochi, tentativi di cambiamento.<br \/>\nIo non ci sto, questo dovremmo ripeterci ogni momento, alzando la testa, ribellandoci, agendo. Quanti di noi lo stanno facendo e quanti invece preferiscono ripetersi la favoletta dello scegliere il meno peggio, pur sapendo che si tratta del peggio del peggio?<br \/>\nQuesto mi viene in mente pensando a Franca Rame: un&#8217;invettiva senza freni contro la mediocrit\u00e0 e il servilismo di oggi. Soprattutto pensando al suo passato cos\u00ec difficile eppure cos\u00ec battagliero, da comunista convinta in teatro, in piazza, nelle fabbriche. Dalla Comune alla Palazzina Liberty, da Soccorso rosso ai movimenti degli anni Settanta: controllata, censurata, perseguitata, stuprata dai fascisti perch\u00e9 comunista e donna. Costretta a recitare chiss\u00e0 quante volte davanti a poliziotti schierati. E poi femminista, quando ancora non esisteva la trovata umiliante delle quote rosa.<br \/>\nLa si pu\u00f2 ricordare cos\u00ec, con chiarezza e in nome del suo vero passato? Oppure no, perch\u00e9 la tiritera dei politicamente corretti chiama all&#8217;oblio come una sirena mortifera?<br \/>\nFranca Rame \u00e8 stata prima di tutto una compagna, viva, attiva, combattente. Cos\u00ec me la ricordo e cos\u00ec me la voglio ricordare.<br \/>\nL&#8217;ultima volta che la vidi eravamo a Santa Cristina, dal figlio. Guardavo intorno il verde un po&#8217; selvatico di quell&#8217;angolo sperduto di Umbria, tenace come lei ma cos\u00ec pieno di silenzio, e pensavo a quanto mi mancasse il grande rumore del nostro passato, del suo passato. Ora mi manca anche di pi\u00f9.<\/p>\n","protected":false},"excerpt":{"rendered":"<p>Nel giro di pochi giorni abbiamo perso Andrea Gallo e Franca Rame. Se ne vanno gli esempi, quelli forti e veri. Quelli di cui, purtroppo, giornali e tv parlano in forma addomesticata, edulcorata, omissiva, riducendoli a specie di omogeneizzati ad &hellip; <a href=\"https:\/\/www.marinadellabella.it\/?p=3335\">Continua a leggere<span class=\"meta-nav\">&rarr;<\/span><\/a><\/p>\n","protected":false},"author":1,"featured_media":0,"comment_status":"closed","ping_status":"open","sticky":false,"template":"","format":"standard","meta":{"footnotes":""},"categories":[1],"tags":[361],"class_list":["post-3335","post","type-post","status-publish","format-standard","hentry","category-uncategorized","tag-franca-rame"],"_links":{"self":[{"href":"https:\/\/www.marinadellabella.it\/index.php?rest_route=\/wp\/v2\/posts\/3335","targetHints":{"allow":["GET"]}}],"collection":[{"href":"https:\/\/www.marinadellabella.it\/index.php?rest_route=\/wp\/v2\/posts"}],"about":[{"href":"https:\/\/www.marinadellabella.it\/index.php?rest_route=\/wp\/v2\/types\/post"}],"author":[{"embeddable":true,"href":"https:\/\/www.marinadellabella.it\/index.php?rest_route=\/wp\/v2\/users\/1"}],"replies":[{"embeddable":true,"href":"https:\/\/www.marinadellabella.it\/index.php?rest_route=%2Fwp%2Fv2%2Fcomments&post=3335"}],"version-history":[{"count":4,"href":"https:\/\/www.marinadellabella.it\/index.php?rest_route=\/wp\/v2\/posts\/3335\/revisions"}],"predecessor-version":[{"id":3608,"href":"https:\/\/www.marinadellabella.it\/index.php?rest_route=\/wp\/v2\/posts\/3335\/revisions\/3608"}],"wp:attachment":[{"href":"https:\/\/www.marinadellabella.it\/index.php?rest_route=%2Fwp%2Fv2%2Fmedia&parent=3335"}],"wp:term":[{"taxonomy":"category","embeddable":true,"href":"https:\/\/www.marinadellabella.it\/index.php?rest_route=%2Fwp%2Fv2%2Fcategories&post=3335"},{"taxonomy":"post_tag","embeddable":true,"href":"https:\/\/www.marinadellabella.it\/index.php?rest_route=%2Fwp%2Fv2%2Ftags&post=3335"}],"curies":[{"name":"wp","href":"https:\/\/api.w.org\/{rel}","templated":true}]}}