{"id":3343,"date":"2013-06-02T10:45:01","date_gmt":"2013-06-02T09:45:01","guid":{"rendered":"http:\/\/www.marinadellabella.it\/?p=3343"},"modified":"2014-07-07T16:00:22","modified_gmt":"2014-07-07T15:00:22","slug":"diamoci-da-fare","status":"publish","type":"post","link":"https:\/\/www.marinadellabella.it\/?p=3343","title":{"rendered":"Diamoci da fare"},"content":{"rendered":"<p><a href=\"https:\/\/www.marinadellabella.it\/?attachment_id=3346\" rel=\"attachment wp-att-3346\"><img loading=\"lazy\" decoding=\"async\" class=\"alignleft  wp-image-3346\" title=\"FUNERALE DI FRANCA RAME\" alt=\"\" src=\"https:\/\/www.marinadellabella.it\/wp-content\/uploads\/2013\/06\/diamoci-da-fare1-199x300.jpg\" width=\"148\" height=\"223\" srcset=\"https:\/\/www.marinadellabella.it\/wp-content\/uploads\/2013\/06\/diamoci-da-fare1-199x300.jpg 199w, https:\/\/www.marinadellabella.it\/wp-content\/uploads\/2013\/06\/diamoci-da-fare1.jpg 305w\" sizes=\"auto, (max-width: 148px) 100vw, 148px\" \/><\/a>Le persone che non conoscono l\u2019amore e il rispetto per l\u2019umanit\u00e0 si estingueranno: questo il messaggio utopico lanciato in aria da Jacopo Fo al termine della <a href=\"http:\/\/www.ilfattoquotidiano.it\/2013\/06\/02\/dio-ce-ed-e-comunista-e-femmina\/613358\/\">orazione civile<\/a> dedicata a sua madre Franca Rame. Conoscendo da tempo l&#8217;impegno quotidiano di entrambi so bene che non si tratta di parole ma di sostanza e concretezza.<br \/>\nAnch&#8217;io sono convinta che alla fine questo mondo lo cambieremo, non so quanto tempo ci vorr\u00e0 ma lo cambieremo. Se ci si cala con spirito di servizio nelle tante realt\u00e0 del volontariato, dell&#8217;impegno sociale e delle aggregazioni spontanee, in cui si esiste e intanto si resiste, si scopre un mondo differente da quello che i media ci mostrano per toglierci consapevolezza e speranza.<br \/>\nTanto si sta facendo dovunque, per molti di noi la strada \u00e8 presa e si tratta solo di continuare. Quello che \u00e8 pi\u00f9 difficile \u00e8 collegarci in un progetto organico di societ\u00e0 e liberarci da modelli di partito pericolosi per la sopravvivenza stessa di qualsiasi spinta al cambiamento. Altro non c&#8217;\u00e8 da dire, c&#8217;\u00e8 piuttosto da fare.<br \/>\nOggi \u00e8 il 2 giugno, giorno dell&#8217;ennesima, retorica e costosa parata dell&#8217;esercito, copertina patinata stesa sopra i finanziamenti di armi e gli interventi militari all&#8217;estero. Non ho avuto la forza di inserire qui un link al video di Franca Rame che interviene sull&#8217;argomento in Parlamento prima di dimettersi: disattenzione intorno a lei e poco rispetto, proprio un brutto spettacolo. Se vogliamo, l&#8217;ennesima prova che il cambiamento prima va costruito nella societ\u00e0 e poi portato in un Parlamento che ne sia diretta espressione. Quindi, come direbbe lei e come dice Jacopo, diamoci da fare.<\/p>\n","protected":false},"excerpt":{"rendered":"<p>Le persone che non conoscono l\u2019amore e il rispetto per l\u2019umanit\u00e0 si estingueranno: questo il messaggio utopico lanciato in aria da Jacopo Fo al termine della orazione civile dedicata a sua madre Franca Rame. Conoscendo da tempo l&#8217;impegno quotidiano di &hellip; <a href=\"https:\/\/www.marinadellabella.it\/?p=3343\">Continua a leggere<span class=\"meta-nav\">&rarr;<\/span><\/a><\/p>\n","protected":false},"author":1,"featured_media":0,"comment_status":"closed","ping_status":"open","sticky":false,"template":"","format":"standard","meta":{"footnotes":""},"categories":[10],"tags":[361,54],"class_list":["post-3343","post","type-post","status-publish","format-standard","hentry","category-politica","tag-franca-rame","tag-jacopo-fo"],"_links":{"self":[{"href":"https:\/\/www.marinadellabella.it\/index.php?rest_route=\/wp\/v2\/posts\/3343","targetHints":{"allow":["GET"]}}],"collection":[{"href":"https:\/\/www.marinadellabella.it\/index.php?rest_route=\/wp\/v2\/posts"}],"about":[{"href":"https:\/\/www.marinadellabella.it\/index.php?rest_route=\/wp\/v2\/types\/post"}],"author":[{"embeddable":true,"href":"https:\/\/www.marinadellabella.it\/index.php?rest_route=\/wp\/v2\/users\/1"}],"replies":[{"embeddable":true,"href":"https:\/\/www.marinadellabella.it\/index.php?rest_route=%2Fwp%2Fv2%2Fcomments&post=3343"}],"version-history":[{"count":3,"href":"https:\/\/www.marinadellabella.it\/index.php?rest_route=\/wp\/v2\/posts\/3343\/revisions"}],"predecessor-version":[{"id":3607,"href":"https:\/\/www.marinadellabella.it\/index.php?rest_route=\/wp\/v2\/posts\/3343\/revisions\/3607"}],"wp:attachment":[{"href":"https:\/\/www.marinadellabella.it\/index.php?rest_route=%2Fwp%2Fv2%2Fmedia&parent=3343"}],"wp:term":[{"taxonomy":"category","embeddable":true,"href":"https:\/\/www.marinadellabella.it\/index.php?rest_route=%2Fwp%2Fv2%2Fcategories&post=3343"},{"taxonomy":"post_tag","embeddable":true,"href":"https:\/\/www.marinadellabella.it\/index.php?rest_route=%2Fwp%2Fv2%2Ftags&post=3343"}],"curies":[{"name":"wp","href":"https:\/\/api.w.org\/{rel}","templated":true}]}}