{"id":335,"date":"2011-02-15T10:44:04","date_gmt":"2011-02-15T09:44:04","guid":{"rendered":"http:\/\/www.marinadellabella.it\/?p=335"},"modified":"2011-03-06T16:31:04","modified_gmt":"2011-03-06T15:31:04","slug":"in-memoria-di-un-attore","status":"publish","type":"post","link":"https:\/\/www.marinadellabella.it\/?p=335","title":{"rendered":"In memoria di un attore"},"content":{"rendered":"<p style=\"text-align: justify;\"><a rel=\"attachment wp-att-343\" href=\"https:\/\/www.marinadellabella.it\/?attachment_id=343\"><img loading=\"lazy\" decoding=\"async\" class=\"alignleft size-full wp-image-343\" title=\"images\" src=\"https:\/\/www.marinadellabella.it\/wp-content\/uploads\/2011\/02\/images2.jpg\" alt=\"\" width=\"264\" height=\"189\" \/><\/a><a href=\"http:\/\/it.wikipedia.org\/wiki\/Ulrich_M\u00fche\">Ulrich M\u00fche<\/a> era un grande attore. La parte protagonista nel film &#8220;Le vite degli altri&#8221; \u00e8 il suo testamento, per il contenuto autobiografico, per la morte prematura e soprattutto per lo spessore dell&#8217;interpretazione.\u00a0 M\u00fche ha recitato con il corpo e con ogni minima parte del viso come soltanto un bravo attore di teatro saprebbe fare. E fino in fondo, fino al battito di ciglia della scena finale, fino all&#8217;ultima battuta: &#8220;No, questo \u00e8 per me&#8221;.\u00a0 Ecco, questo post \u00e8 per lui.<\/p>\n<p style=\"text-align: justify;\">Alcuni giorni fa un gruppo universitario milanese, che sembrerebbe far capo a Comunione e liberazione, ha esposto davanti alla Cattolica una locandina del film &#8220;Le vite degli altri&#8221; taroccata: la famosa immagine di M\u00fche era stata sostituita con quella di Bruti Liberati, procuratore capo che sta indagando sul Presidente del Consiglio. Del resto, come ci si pu\u00f2 aspettare rispetto per un attore da chi non rispetta nemmeno un magistrato&#8230;<\/p>\n<p style=\"text-align: justify;\">Accade infatti che &#8220;Le vite degli altri&#8221; venga citato dai governativi italiani per insinuare parallelismi negativi tra le indagini in corso e\u00a0 i metodi dell&#8217;ex DDR, di cui il film parla. Si cerca cos\u00ec di depistare l&#8217;attenzione, manipolare l&#8217;informazione e magari anche minacciare. Il Presidente del Consiglio dice &#8220;Se cominciamo a entrare noi nelle vite degli altri&#8230;&#8221;, dimenticando che ha gi\u00e0 cominciato, e da un pezzo. Ad esempio con l&#8217;uso proprietario e massiccio\u00a0 dei media, arma da rivolgere contro chiunque non sia dalla sua parte. Tra dossieraggio e spionaggio c&#8217;\u00e8 forse qualche differenza? Se lo domandasse all&#8217;amico Putin, forse gli risponderebbe di no.<\/p>\n<p style=\"text-align: justify;\">M\u00fche era un grande attore, e <a href=\"http:\/\/it.wikipedia.org\/wiki\/Le_vite_degli_altri\">Le vite degli altri<\/a> \u00e8 un gran film. Donnersmarck lo ha scritto e diretto con una cura straordinaria. E&#8217; lui stesso a parlare instancabilmente delle grandi e delle piccole scelte, delle ambientazioni e dei dettagli, in un commento fiume alle scene inserito tra i contenuti speciali del dvd.\u00a0 Vale la pena di seguirlo passo passo, perch\u00e9 \u00e8 un esempio di critica cinematografica pura a cui, purtroppo, non siamo pi\u00f9 abituati.<\/p>\n<p style=\"text-align: justify;\">Dopo qualche anno ho rivisto il film, qualche sera fa. Non in tv, perch\u00e9 ho scelto di non averla, ma liberamente, fermando alcune immagini e ripetendo alcune sequenze. Ho osservato con occhi ancora pi\u00f9 inquieti il personaggio del Ministro della Cultura, per l&#8217;analogia (quella s\u00ec obiettiva) con il potere esercitato in Italia sul corpo delle donne. E sulle attivit\u00e0 intellettuali e artistiche, che invece chiedono, per loro stessa natura, di essere esercitate al di fuori di ogni condizionamento.<\/p>\n<p style=\"text-align: justify;\">E poi ho rivisto lui, Ulrich M\u00fche, nella parte di un uomo\u00a0 inserito nel sistema ma capace\u00a0 alla fine di una scelta giusta, pagata a caro prezzo. La trasformazione del suo personaggio, combattuta ma graduale e coerente, \u00e8 uno sforzo umano enorme, tutto concentrato su se stesso, che via via prende forma nei cambiamenti anche minimi di postura e nelle variazioni anche impercettibili dell&#8217;espressivit\u00e0 del viso. Un grande lavoro, davvero, e il lavoro dell&#8217;attore merita sempre rispetto.<\/p>\n<p style=\"text-align: justify;\">\n<p style=\"text-align: justify;\">\n<p style=\"text-align: justify;\">\n<p style=\"text-align: justify;\">\n<p style=\"text-align: justify;\">\n<p style=\"text-align: justify;\">\n<p style=\"text-align: justify;\">\n","protected":false},"excerpt":{"rendered":"<p>Ulrich M\u00fche era un grande attore. La parte protagonista nel film &#8220;Le vite degli altri&#8221; \u00e8 il suo testamento, per il contenuto autobiografico, per la morte prematura e soprattutto per lo spessore dell&#8217;interpretazione.\u00a0 M\u00fche ha recitato con il corpo e &hellip; <a href=\"https:\/\/www.marinadellabella.it\/?p=335\">Continua a leggere<span class=\"meta-nav\">&rarr;<\/span><\/a><\/p>\n","protected":false},"author":1,"featured_media":0,"comment_status":"open","ping_status":"open","sticky":false,"template":"","format":"standard","meta":{"footnotes":""},"categories":[11],"tags":[21,20],"class_list":["post-335","post","type-post","status-publish","format-standard","hentry","category-cinema","tag-le-vite-degli-altri","tag-ulrich-muhe"],"_links":{"self":[{"href":"https:\/\/www.marinadellabella.it\/index.php?rest_route=\/wp\/v2\/posts\/335","targetHints":{"allow":["GET"]}}],"collection":[{"href":"https:\/\/www.marinadellabella.it\/index.php?rest_route=\/wp\/v2\/posts"}],"about":[{"href":"https:\/\/www.marinadellabella.it\/index.php?rest_route=\/wp\/v2\/types\/post"}],"author":[{"embeddable":true,"href":"https:\/\/www.marinadellabella.it\/index.php?rest_route=\/wp\/v2\/users\/1"}],"replies":[{"embeddable":true,"href":"https:\/\/www.marinadellabella.it\/index.php?rest_route=%2Fwp%2Fv2%2Fcomments&post=335"}],"version-history":[{"count":17,"href":"https:\/\/www.marinadellabella.it\/index.php?rest_route=\/wp\/v2\/posts\/335\/revisions"}],"predecessor-version":[{"id":344,"href":"https:\/\/www.marinadellabella.it\/index.php?rest_route=\/wp\/v2\/posts\/335\/revisions\/344"}],"wp:attachment":[{"href":"https:\/\/www.marinadellabella.it\/index.php?rest_route=%2Fwp%2Fv2%2Fmedia&parent=335"}],"wp:term":[{"taxonomy":"category","embeddable":true,"href":"https:\/\/www.marinadellabella.it\/index.php?rest_route=%2Fwp%2Fv2%2Fcategories&post=335"},{"taxonomy":"post_tag","embeddable":true,"href":"https:\/\/www.marinadellabella.it\/index.php?rest_route=%2Fwp%2Fv2%2Ftags&post=335"}],"curies":[{"name":"wp","href":"https:\/\/api.w.org\/{rel}","templated":true}]}}