{"id":3440,"date":"2013-09-23T07:42:15","date_gmt":"2013-09-23T06:42:15","guid":{"rendered":"http:\/\/www.marinadellabella.it\/?p=3440"},"modified":"2014-07-07T16:02:32","modified_gmt":"2014-07-07T15:02:32","slug":"per-le-minoranze-e-in-morte-di-alvaro-mutis","status":"publish","type":"post","link":"https:\/\/www.marinadellabella.it\/?p=3440","title":{"rendered":"Per le minoranze (e in morte di Alvaro Mutis)"},"content":{"rendered":"<p><span class=\"vvqbox vvqyoutube\" style=\"width:325px;height:244px;\"><span id=\"vvq-3440-youtube-1\"><a href=\"http:\/\/www.youtube.com\/watch?v=hxM5MAJoOk8\"><img decoding=\"async\" src=\"http:\/\/img.youtube.com\/vi\/hxM5MAJoOk8\/0.jpg\" alt=\"Immagine anteprima YouTube\" \/><\/a><\/span><\/span><br \/>\nNel mio archivio delle poche parole indispensabili c&#8217;\u00e8 un piccolo manifesto per le minoranze che ho quasi imparato a memoria: parole dure e luminose, nate dall&#8217;incontro di Fabrizio De Andr\u00e9 con i libri di Alvaro Mutis. E poi con Mutis, che ora non c&#8217;\u00e8 pi\u00f9. Come De Andr\u00e9, ma le parole restano.<\/p>\n<p>Alta sui naufragi<br \/>\ndai belvedere delle torri<br \/>\nchina e distante<br \/>\nsugli elementi del disastro<br \/>\ndalle cose che accadono<br \/>\nal di sopra delle parole<br \/>\ncelebrative del nulla<br \/>\nlungo un facile vento<br \/>\ndi saziet\u00e0 di impunit\u00e0<!--more--><\/p>\n<p>Sullo scandalo metallico<br \/>\ndi armi in uso e in disuso<br \/>\na guidare la colonna<br \/>\ndi dolore e di fumo<br \/>\nche lascia le infinite battaglie<br \/>\nal calar della sera<br \/>\nla maggioranza sta la maggioranza sta<br \/>\nrecitando un rosario<br \/>\ndi ambizioni meschine<br \/>\ndi millenarie paure<br \/>\ndi inesauribili astuzie<\/p>\n<p>Coltivando tranquilla<br \/>\nl&#8217;orribile variet\u00e0<br \/>\ndelle proprie superbie<br \/>\nla maggioranza sta<br \/>\ncome una malattia<br \/>\ncome una sfortuna<br \/>\ncome un&#8217;anestesia<br \/>\ncome un&#8217;abitudine<\/p>\n<p>Per chi viaggia in direzione<br \/>\nostinata e contraria<br \/>\ncol suo marchio speciale<br \/>\ndi speciale disperazione<br \/>\ne tra il vomito dei respinti<br \/>\nmuove gli ultimi passi<br \/>\nper consegnare alla morte<br \/>\nuna goccia di splendore<br \/>\ndi umanit\u00e0 di verit\u00e0<\/p>\n<p>Per chi ad Aqaba cur\u00f2 la lebbra<br \/>\ncon uno scettro posticcio<br \/>\ne semin\u00f2 il suo passaggio<br \/>\ndi gelosie devastatrici<br \/>\ne di figli con improbabili nomi<br \/>\ndi cantanti di tango<br \/>\nin un vasto programma di eternit\u00e0<\/p>\n<p>Ricorda Signore<br \/>\nquesti servi disobbedienti<br \/>\nalle leggi del branco<br \/>\nnon dimenticare il loro volto<br \/>\nche dopo tanto sbandare<br \/>\n\u00e8 appena giusto<br \/>\nche la fortuna li aiuti<br \/>\ncome una svista<br \/>\ncome un&#8217;anomalia<br \/>\ncome una distrazione<br \/>\ncome un dovere<\/p>\n","protected":false},"excerpt":{"rendered":"<p>Nel mio archivio delle poche parole indispensabili c&#8217;\u00e8 un piccolo manifesto per le minoranze che ho quasi imparato a memoria: parole dure e luminose, nate dall&#8217;incontro di Fabrizio De Andr\u00e9 con i libri di Alvaro Mutis. E poi con Mutis, &hellip; <a href=\"https:\/\/www.marinadellabella.it\/?p=3440\">Continua a leggere<span class=\"meta-nav\">&rarr;<\/span><\/a><\/p>\n","protected":false},"author":1,"featured_media":0,"comment_status":"closed","ping_status":"open","sticky":false,"template":"","format":"standard","meta":{"footnotes":""},"categories":[13,105],"tags":[237,210],"class_list":["post-3440","post","type-post","status-publish","format-standard","hentry","category-letteratura","category-musica","tag-alvaro-mutis","tag-fabrizio-de-andre"],"_links":{"self":[{"href":"https:\/\/www.marinadellabella.it\/index.php?rest_route=\/wp\/v2\/posts\/3440","targetHints":{"allow":["GET"]}}],"collection":[{"href":"https:\/\/www.marinadellabella.it\/index.php?rest_route=\/wp\/v2\/posts"}],"about":[{"href":"https:\/\/www.marinadellabella.it\/index.php?rest_route=\/wp\/v2\/types\/post"}],"author":[{"embeddable":true,"href":"https:\/\/www.marinadellabella.it\/index.php?rest_route=\/wp\/v2\/users\/1"}],"replies":[{"embeddable":true,"href":"https:\/\/www.marinadellabella.it\/index.php?rest_route=%2Fwp%2Fv2%2Fcomments&post=3440"}],"version-history":[{"count":4,"href":"https:\/\/www.marinadellabella.it\/index.php?rest_route=\/wp\/v2\/posts\/3440\/revisions"}],"predecessor-version":[{"id":3865,"href":"https:\/\/www.marinadellabella.it\/index.php?rest_route=\/wp\/v2\/posts\/3440\/revisions\/3865"}],"wp:attachment":[{"href":"https:\/\/www.marinadellabella.it\/index.php?rest_route=%2Fwp%2Fv2%2Fmedia&parent=3440"}],"wp:term":[{"taxonomy":"category","embeddable":true,"href":"https:\/\/www.marinadellabella.it\/index.php?rest_route=%2Fwp%2Fv2%2Fcategories&post=3440"},{"taxonomy":"post_tag","embeddable":true,"href":"https:\/\/www.marinadellabella.it\/index.php?rest_route=%2Fwp%2Fv2%2Ftags&post=3440"}],"curies":[{"name":"wp","href":"https:\/\/api.w.org\/{rel}","templated":true}]}}