{"id":3469,"date":"2013-11-02T09:01:56","date_gmt":"2013-11-02T08:01:56","guid":{"rendered":"http:\/\/www.marinadellabella.it\/?p=3469"},"modified":"2014-07-07T16:02:32","modified_gmt":"2014-07-07T15:02:32","slug":"periferia","status":"publish","type":"post","link":"https:\/\/www.marinadellabella.it\/?p=3469","title":{"rendered":"Periferia"},"content":{"rendered":"<p><a href=\"https:\/\/www.marinadellabella.it\/?attachment_id=3475\" rel=\"attachment wp-att-3475\"><img loading=\"lazy\" decoding=\"async\" class=\"alignleft size-medium wp-image-3475\" title=\"Simenon Simenon FAUBOURG copia\" src=\"https:\/\/www.marinadellabella.it\/wp-content\/uploads\/2013\/11\/Simenon-Simenon-FAUBOURG-copia-226x300.jpg\" alt=\"\" width=\"226\" height=\"300\" srcset=\"https:\/\/www.marinadellabella.it\/wp-content\/uploads\/2013\/11\/Simenon-Simenon-FAUBOURG-copia-226x300.jpg 226w, https:\/\/www.marinadellabella.it\/wp-content\/uploads\/2013\/11\/Simenon-Simenon-FAUBOURG-copia.jpg 263w\" sizes=\"auto, (max-width: 226px) 100vw, 226px\" \/><\/a>&#8220;Faubourg&#8221;, e cio\u00e8 periferia, \u00e8 l&#8217;ultimo libro di Georges Simenon uscito in Italia per Adelphi. L\u00ec la periferia pu\u00f2 essere intesa sia come luogo di provincia sia come marginalit\u00e0 di s\u00e9, parte non omologata che cova in separatezza e poi emerge in un crescendo che travolge tutto, anche la tradizionale indolenza di una cittadina altrettanto ai margini.<br \/>\nSimenon stupisce ancora una volta, per la capacit\u00e0 di dipanare una matassa (di situazioni, personaggi e dialoghi) in un andamento e un amalgama, di ambiente e di fatti, cos\u00ec empaticamente costruiti da far pensare a una vera e propria proiezione di s\u00e9. O, pi\u00f9 precisamente, alla parte pi\u00f9 irrisolta di s\u00e9 dentro un cono d&#8217;ombra che, invece di nasconderli, svela i propri comportamenti pi\u00f9 torbidi. E una cittadina piccolo borghese li accoglie, per averli prodotti all&#8217;origine o per averli indotti dal fondo della sua pi\u00f9 agghiacciante e normalizzante quotidianit\u00e0. Cos\u00ec la <em>com\u00e9die humaine<\/em> diventa palcoscenico per la trasformazione di un protagonista potenzialmente tragico. Fino all&#8217;epilogo finale, che rende in tutta la sua evidenza l&#8217;esasperazione per un&#8217;appartenenza alla mediet\u00e0 della provincia, negata e insieme confermata in un conflitto feroce quanto la mediet\u00e0 stessa.<br \/>\nQuasi per legge del contrappasso, il romanzo \u00e8 uscito per la prima volta a puntate su un settimanale, concedendosi a una serialit\u00e0 anch&#8217;essa media e rassicurante, ma sotto sotto inquietante come la periferia rappresentata. Entrambe, infatti,\u00a0 si mostrano incapaci di contenere una complessit\u00e0, di contenuto e di stile, tipici di Simenon e delle sue proiezioni in storie non maigretiane.<br \/>\nLeggere oggi il romanzo in unica soluzione, rincorrendo il filo della vicenda e dei dialoghi in un ritmo serrato che non si spezza, rende giustizia all&#8217;autore, e naturalmente al lettore, per una ritrovata unitariet\u00e0 tra centro e periferia, dell&#8217;opera e del s\u00e9 rappresentato.<\/p>\n","protected":false},"excerpt":{"rendered":"<p>&#8220;Faubourg&#8221;, e cio\u00e8 periferia, \u00e8 l&#8217;ultimo libro di Georges Simenon uscito in Italia per Adelphi. L\u00ec la periferia pu\u00f2 essere intesa sia come luogo di provincia sia come marginalit\u00e0 di s\u00e9, parte non omologata che cova in separatezza e poi &hellip; <a href=\"https:\/\/www.marinadellabella.it\/?p=3469\">Continua a leggere<span class=\"meta-nav\">&rarr;<\/span><\/a><\/p>\n","protected":false},"author":1,"featured_media":0,"comment_status":"closed","ping_status":"open","sticky":false,"template":"","format":"standard","meta":{"footnotes":""},"categories":[13],"tags":[244,81],"class_list":["post-3469","post","type-post","status-publish","format-standard","hentry","category-letteratura","tag-faubourg","tag-georges-simenon"],"_links":{"self":[{"href":"https:\/\/www.marinadellabella.it\/index.php?rest_route=\/wp\/v2\/posts\/3469","targetHints":{"allow":["GET"]}}],"collection":[{"href":"https:\/\/www.marinadellabella.it\/index.php?rest_route=\/wp\/v2\/posts"}],"about":[{"href":"https:\/\/www.marinadellabella.it\/index.php?rest_route=\/wp\/v2\/types\/post"}],"author":[{"embeddable":true,"href":"https:\/\/www.marinadellabella.it\/index.php?rest_route=\/wp\/v2\/users\/1"}],"replies":[{"embeddable":true,"href":"https:\/\/www.marinadellabella.it\/index.php?rest_route=%2Fwp%2Fv2%2Fcomments&post=3469"}],"version-history":[{"count":9,"href":"https:\/\/www.marinadellabella.it\/index.php?rest_route=\/wp\/v2\/posts\/3469\/revisions"}],"predecessor-version":[{"id":3861,"href":"https:\/\/www.marinadellabella.it\/index.php?rest_route=\/wp\/v2\/posts\/3469\/revisions\/3861"}],"wp:attachment":[{"href":"https:\/\/www.marinadellabella.it\/index.php?rest_route=%2Fwp%2Fv2%2Fmedia&parent=3469"}],"wp:term":[{"taxonomy":"category","embeddable":true,"href":"https:\/\/www.marinadellabella.it\/index.php?rest_route=%2Fwp%2Fv2%2Fcategories&post=3469"},{"taxonomy":"post_tag","embeddable":true,"href":"https:\/\/www.marinadellabella.it\/index.php?rest_route=%2Fwp%2Fv2%2Ftags&post=3469"}],"curies":[{"name":"wp","href":"https:\/\/api.w.org\/{rel}","templated":true}]}}