{"id":3485,"date":"2013-11-04T13:05:32","date_gmt":"2013-11-04T12:05:32","guid":{"rendered":"http:\/\/www.marinadellabella.it\/?p=3485"},"modified":"2014-07-07T16:00:06","modified_gmt":"2014-07-07T15:00:06","slug":"decolonizzarsi","status":"publish","type":"post","link":"https:\/\/www.marinadellabella.it\/?p=3485","title":{"rendered":"Decolonizzarsi"},"content":{"rendered":"<p><a href=\"https:\/\/www.marinadellabella.it\/?attachment_id=3497\" rel=\"attachment wp-att-3497\"><img loading=\"lazy\" decoding=\"async\" class=\"alignleft  wp-image-3497\" title=\"Adino Amagliani - Scorpione\" alt=\"\" src=\"https:\/\/www.marinadellabella.it\/wp-content\/uploads\/2013\/11\/Adino-Amagliani-Scorpione-212x300.jpg\" width=\"208\" height=\"293\" srcset=\"https:\/\/www.marinadellabella.it\/wp-content\/uploads\/2013\/11\/Adino-Amagliani-Scorpione-212x300.jpg 212w, https:\/\/www.marinadellabella.it\/wp-content\/uploads\/2013\/11\/Adino-Amagliani-Scorpione-724x1024.jpg 724w, https:\/\/www.marinadellabella.it\/wp-content\/uploads\/2013\/11\/Adino-Amagliani-Scorpione.jpg 800w\" sizes=\"auto, (max-width: 208px) 100vw, 208px\" \/><\/a>Dovunque si \u00e8 andata affermando una nuova forma di colonizzazione, aggressiva e diffusa, che comporta il controllo e lo sfruttamento di territori e risorse con l&#8217;imposizione di modelli di vita devastanti. Rispetto a quelle tradizionali, questa colonizzazione ha polverizzato il concetto di confine nazionale e la stessa impalcatura democratica degli stati, prima svuotati e poi superati in nome di una trasversalit\u00e0 che non \u00e8 transnazionalit\u00e0 ma cartello, trust, un assalto continuo alla vita e all&#8217;indipendenza di intere popolazioni.<br \/>\nIn Europa, ad esempio, non esistono consoli e proconsoli di vecchia rappresentanza ma nuove e dinamiche figure di colonizzatori, che agiscono come terminali di interessi finanziari e promoter. Sono \u00e9lites molto ristrette, mobili e intercambiabili, fatte da individui che si bruciano in fretta per essere sostituiti da altri pi\u00f9 rapaci. Hanno in appoggio la rete dei media che, con altrettanta aggressivit\u00e0 e mistificazione, garantiscono il consenso e rafforzano il modello, sovrapponendo alla realt\u00e0 una sua lettura stravolta, funzionale all&#8217;annientamento di qualsiasi capacit\u00e0 critica.<br \/>\nCos\u00ec operano a pieno ritmo intere fabbriche del falso, costruite spesso con sciatteria (tanto la soglia culturale si \u00e8 abbassata) e a volte con arte (molta borghesia italiana ama le bugie ben vestite). E cos\u00ec, poveri e meno poveri, ignoranti e meno ignoranti, tutti si cade nella stessa ragnatela, diventando moltiplicatori di falso, macchine stupide del sistema.<br \/>\nAnche chi conserva un po&#8217; di spirito critico non \u00e8 immune dal rischio, perch\u00e9 contestando i molti fili di quella ragnatela finisce, di fatto, per tessere sempre l\u00ec dentro. Questa \u00e8 forse la fattispecie pi\u00f9 subdola e pericolosa della colonizzazione del pensiero, la trappola che imprigiona i pi\u00f9 liberi.<br \/>\nTanto per fare un esempio, se questo fine settimana avessi dato retta all&#8217;agenda mediatica italiana (tentacolare anche in Internet, pure la rete andrebbe decolonizzata), avrei fatto e scritto altro. Tanto c&#8217;era da dire: di un Ministro della Giustizia colluso con detenuti eccellenti; di Scalfari e Repubblica, imbonitori reazionari di una grossa fetta di borghesia italiana ancora convinta di essere progressista (e invece: squadrismo buono, di tacco e di punta, ora anche in cerca di benedizione papale); del negazionismo (terribile) da perseguire per legge (altrettanto terribile: a quando una legge che persegua chi dice qualsiasi stupidaggine? o che persegua chi dice la verit\u00e0? per caso \u00e8 l\u00ec che si vuole arrivare?), per orgogliosa trovata di chi non ha mai impedito nemmeno la ricostituzione del partito fascista o di qualche suo succedaneo, con il quale peraltro governa; di Dario Fo che chiede al Vaticano lo spazio per portare in scena le idee di Franca Rame, quando ancora, buon per noi, esistono le piazze; del terzo rogo contro i No Tav; dei giovani arrestati durante la manifestazione del 19 ottobre a Roma, tutti poi rilasciati perch\u00e9 incolpevoli (e nessuno lo dice); dell&#8217;America che ci spia, quasi fosse una novit\u00e0; del grande statista Berlusconi e di tutti i suoi amici, passati, presenti e futuri, grandi statisti anche loro, e per questo incapaci di dargli il benservito; della Terra dei Fuochi; di un Presidente della Repubblica che agisce come Capo del Governo, complice tutto il Governo e gran parte del Parlamento; del debito che cresce e della nostra incapacit\u00e0 di analizzarlo, ricusando chi ne \u00e8 responsabile.<br \/>\nLa lista potrebbe continuare, ma \u00e8 loro e non mia, il disastro \u00e8 loro e non mio. La decolonizzazione passa anche da qui, dallo sfilarsi dalle loro agende fatte di cattive notizie. Se fosse per loro, ci nutrirebbero di cattive notizie e di paura, per poi presentarsi come salvatori. Loro, i salvatori, quando invece sono i nuovi colonizzatori della vecchia Europa e di questa povera Italia del ventunesimo secolo.<br \/>\nIn giro, per\u00f2, per fortuna c&#8217;\u00e8 anche altro: la capacit\u00e0 di creare e di resistere, di amare, di ridere e sorridere, di essere solidali, essenziali, originali, di essere in definitiva se stessi. Questa \u00e8 la scommessa quotidiana, scoprire spazi inimmaginabili di umanit\u00e0 integra sfuggiti alla colonizzazione, spazi da difendere ma soprattutto da vivere senza timori, convinti che sia giusto cos\u00ec.<br \/>\nProprio ieri ne ho visto un esempio: pezzi di vecchie macchine che un meccanico (<a href=\"http:\/\/www.youtube.com\/watch?v=IOQiGLiP8J0\">Adino Amagliani<\/a>), nel corso della sua vita, ha fatto diventare arte, poesia e visione del mondo, sculture per tutti che un fotografo (<a href=\"http:\/\/www.flickr.com\/people\/alberto_raffaeli\/\">Alberto Raffaeli<\/a>) ha poi moltiplicato in immagini, amplificando con spirito di servizio il messaggio di un&#8217;arte materiale e spontanea. Un esempio di sensibilit\u00e0, non soltanto artistica, di due uomini differenti ma insieme, quasi a dire: noi siamo qui (anche in questa maledetta domenica, in cui alcuni parleranno dell&#8217;ultimo &#8220;fondo&#8221; di Scalfari mentre altri moriranno di fame), per offrire qualcosa a chi vuole, a chi pu\u00f2.<br \/>\nScriveva Brecht:<\/p>\n<p><em>Quali tempi sono questi, quando<br \/>\ndiscorrere d&#8217;alberi \u00e8 quasi un delitto,<br \/>\nperch\u00e8 su troppe stragi comporta silenzio<\/em><\/p>\n<p>Serve invece liberarsi dalle rappresentazioni del negativo, tutte interne alla logica di chi ci vuole replicanti, incapaci di cultura autentica. Che invece va ricostruita con tenacia su altri terreni, da strappare ai nuovi colonizzatori cos\u00ec come fa l&#8217;indigeno che protegge la sua foresta.<br \/>\nE allora parliamo di alberi, anche per parlare di noi e di tutto quello che siamo, indipendentemente da loro. Se fosse ancora vivo, oggi, forse anche Brecht ne parlerebbe.<\/p>\n","protected":false},"excerpt":{"rendered":"<p>Dovunque si \u00e8 andata affermando una nuova forma di colonizzazione, aggressiva e diffusa, che comporta il controllo e lo sfruttamento di territori e risorse con l&#8217;imposizione di modelli di vita devastanti. Rispetto a quelle tradizionali, questa colonizzazione ha polverizzato il &hellip; <a href=\"https:\/\/www.marinadellabella.it\/?p=3485\">Continua a leggere<span class=\"meta-nav\">&rarr;<\/span><\/a><\/p>\n","protected":false},"author":1,"featured_media":0,"comment_status":"closed","ping_status":"open","sticky":false,"template":"","format":"standard","meta":{"footnotes":""},"categories":[248],"tags":[253,254,249,250,251,382],"class_list":["post-3485","post","type-post","status-publish","format-standard","hentry","category-arte","tag-adino-amagliani","tag-alberto-raffaeli","tag-bertolt-brecht","tag-colonizzazione","tag-decolonizzazione","tag-fotografia"],"_links":{"self":[{"href":"https:\/\/www.marinadellabella.it\/index.php?rest_route=\/wp\/v2\/posts\/3485","targetHints":{"allow":["GET"]}}],"collection":[{"href":"https:\/\/www.marinadellabella.it\/index.php?rest_route=\/wp\/v2\/posts"}],"about":[{"href":"https:\/\/www.marinadellabella.it\/index.php?rest_route=\/wp\/v2\/types\/post"}],"author":[{"embeddable":true,"href":"https:\/\/www.marinadellabella.it\/index.php?rest_route=\/wp\/v2\/users\/1"}],"replies":[{"embeddable":true,"href":"https:\/\/www.marinadellabella.it\/index.php?rest_route=%2Fwp%2Fv2%2Fcomments&post=3485"}],"version-history":[{"count":15,"href":"https:\/\/www.marinadellabella.it\/index.php?rest_route=\/wp\/v2\/posts\/3485\/revisions"}],"predecessor-version":[{"id":3605,"href":"https:\/\/www.marinadellabella.it\/index.php?rest_route=\/wp\/v2\/posts\/3485\/revisions\/3605"}],"wp:attachment":[{"href":"https:\/\/www.marinadellabella.it\/index.php?rest_route=%2Fwp%2Fv2%2Fmedia&parent=3485"}],"wp:term":[{"taxonomy":"category","embeddable":true,"href":"https:\/\/www.marinadellabella.it\/index.php?rest_route=%2Fwp%2Fv2%2Fcategories&post=3485"},{"taxonomy":"post_tag","embeddable":true,"href":"https:\/\/www.marinadellabella.it\/index.php?rest_route=%2Fwp%2Fv2%2Ftags&post=3485"}],"curies":[{"name":"wp","href":"https:\/\/api.w.org\/{rel}","templated":true}]}}