{"id":3641,"date":"2014-01-31T09:30:58","date_gmt":"2014-01-31T08:30:58","guid":{"rendered":"http:\/\/www.marinadellabella.it\/?p=3641"},"modified":"2014-07-07T16:00:05","modified_gmt":"2014-07-07T15:00:05","slug":"i-volenterosi-carnefici-della-democrazia","status":"publish","type":"post","link":"https:\/\/www.marinadellabella.it\/?p=3641","title":{"rendered":"I volenterosi carnefici della democrazia"},"content":{"rendered":"<p><a href=\"https:\/\/www.marinadellabella.it\/wp-content\/uploads\/2014\/01\/Laura-Boldrini1.jpg\"><img loading=\"lazy\" decoding=\"async\" class=\"alignleft  wp-image-3646\" alt=\"Laura Boldrini\" src=\"https:\/\/www.marinadellabella.it\/wp-content\/uploads\/2014\/01\/Laura-Boldrini1-300x187.jpg\" width=\"281\" height=\"175\" srcset=\"https:\/\/www.marinadellabella.it\/wp-content\/uploads\/2014\/01\/Laura-Boldrini1-300x187.jpg 300w, https:\/\/www.marinadellabella.it\/wp-content\/uploads\/2014\/01\/Laura-Boldrini1.jpg 640w\" sizes=\"auto, (max-width: 281px) 100vw, 281px\" \/><\/a>La democrazia vera in Italia \u00e8 morta da un pezzo. Sopravvivono gli ultimi brandelli, azzannati dai denti famelici di un manipolo di affaristi stretti da patti indicibili e travestiti da paladini dei poveri (che invece contribuiscono ad aumentare) e della Resistenza, da cantanti di &#8220;Bella ciao&#8221; nelle corride televisive di ultima generazione. Un Parlamento esautorato della funzione legislativa e un Governo del Presidente e delle lobby nazionali e internazionali\u00a0ballano le loro danze davanti agli occhi sconcertati di un&#8217;opposizione privata delle sue prerogative, umiliata a colpi di eccezioni ai regolamenti dai cani da guardia di questo scempio.<br \/>\nA un decreto del Governo, che chiss\u00e0 mai perch\u00e9 (ma lo sappiamo, lo sappiamo bene) metteva insieme in un tandem odioso gli interessi popolari e quelli dell&#8217;alta finanza\u00a0 (Imu e\u00a0rica\u00adpi\u00adta\u00adliz\u00adza\u00adzione della Banca d\u2019Italia), non si \u00e8 potuta nemmeno esercitare un&#8217;opposizione necessaria e legittima, spinta fino all&#8217;ostruzionismo. Fatto inedito e grave nella storia della Repubblica, agito dalla Presidente della Camera Laura Boldrini con preoccupante disinvoltura.<br \/>\nNel frattempo due condannati, uno con sentenza definitiva e l&#8217;altro in primo grado (ma potr\u00e0 sempre migliorare), entrambi capi di partito, stringono al di fuori delle sedi previste dalla democrazia parlamentare un patto indecente su una legge elet\u00adto\u00adrale altrettanto indecente: enorme pre\u00admio di mag\u00adgio\u00adranza, sbar\u00adra\u00admento per gli altri par\u00adtiti, e ancora una volta (udite udite) l&#8217;impossibilit\u00e0 di esprimere preferenze, cos\u00ec da garantire la conservazione delle attuali nomenclature. Si tratta anche e soprattutto di un patto per <a href=\"http:\/\/www.youtube.com\/watch?v=zAI4Mtkel7s\">tagliare fuori<\/a> non tanto i piccoli partiti (sempre pronti a coalizzarsi con i grandi in vista di poltrone e premi elettorali, per poi rinunciare a ogni minima autonomia di pensiero in quanto in debito di riconoscenza verso chi li ha traghettati), quanto il grande gruppo politico dei Cinque stelle, oggi unica vera opposizione in Parlamento e nel paese.<br \/>\nE ancora una volta strade e piazze dovrebbero essere piene di cittadini che protestano, mentre gli unici che provano ad opporsi finiscono travolti dai diktat di un mostro costituito dalle sigle partitiche pi\u00f9 improbabili (Pd, Fi, e avanti c&#8217;\u00e8 posto), in un consociativismo di sistema che annienta ogni differenza e non prevede alcuna vera opposizione.<br \/>\nCos\u00ec almeno era in Italia fino a poco fa, cio\u00e8 fino a quando non si \u00e8 miracolosamente materializzato un nuovo soggetto politico, che altrettanto miracolosamente vorrebbe esercitare le sue funzioni di controllo, di critica e di proposta, per le quali una parte consistente degli italiani l&#8217;ha votato. E&#8217; questo ora il vero fastidio, l&#8217;imprevisto non calcolato, l&#8217;incognita da stroncare con ogni mezzo, grancassa mediatica compresa.<br \/>\nCos\u00ec appare anche pi\u00f9 chiaro perch\u00e9 nessuno, giornalista o politico, ci spieghi con chiarezza: cosa stia succedendo davvero in questi giorni, in Parlamento e fuori, nelle segrete stanze degli accordi; cosa sia questa &#8220;tagliola&#8221; o &#8220;ghigliottina&#8221; abbassata sulle teste di un&#8217;opposizione pi\u00f9 che legittima (senza premi di maggioranza, per intenderci: un uomo, un voto) da una Presidente della Camera eterodiretta; quale ennesimo regalo i politici ci hanno costretto a fare alle &#8220;loro&#8221; banche (a partire da Unicredit e Intesa, tanto per renderci conto del chi e del come). Hanno di nuovo stretto la corda dei sacrifici intorno al nostro collo (e non certo al loro), prendendoci in giro con il contentino\/spauracchio dell&#8217;Imu, sbattuto in faccia all&#8217;opposizione per stringerla all&#8217;angolo, e ancora una volta per umiliarla.<br \/>\nCerto, poi l&#8217;opposizione si agita, occupa banchi e commissioni, sale sui tetti; denuncia come pu\u00f2 le pi\u00f9 alte cariche dello Stato, pur sapendo che un intero sistema, tenuto insieme dal forte collante degli interessi, le difender\u00e0 fino alla fine.<br \/>\nE allora ci si dovrebbe domandare cosa possa fare un&#8217;opposizione per non essere tirata dentro il cerchio dalle reazioni a caldo, e per non finire cos\u00ec, suo malgrado, sulla vecchia scia maleodorante di chi invece andrebbe combattuto con mezzi nuovi e differenti.<br \/>\nE ci si dovrebbe anche domandare quanto sia difficile salvare il proprio equilibrio, e insieme la propria integrit\u00e0 umana e politica, in un sistema parlamentare continuamente violato, deviato, oliato dagli affari, con pochi che decidono altrove, mentre tanti volenterosi carnefici si muovono ogni giorno obbedienti, nel palazzo e nella vita di tutti i giorni. Alcuni di questi hanno anche la faccia tosta di cantare in Parlamento &#8220;Bella ciao&#8221;, dando dei fascisti a chi invece cerca di difendere come pu\u00f2 una democrazia sfinita. Dimenticando, i primi, quale fosse la democrazia voluta dalla Resistenza e chi l&#8217;abbia, colpo dopo colpo, ridotta allo straccio che \u00e8.<\/p>\n","protected":false},"excerpt":{"rendered":"<p>La democrazia vera in Italia \u00e8 morta da un pezzo. Sopravvivono gli ultimi brandelli, azzannati dai denti famelici di un manipolo di affaristi stretti da patti indicibili e travestiti da paladini dei poveri (che invece contribuiscono ad aumentare) e della &hellip; <a href=\"https:\/\/www.marinadellabella.it\/?p=3641\">Continua a leggere<span class=\"meta-nav\">&rarr;<\/span><\/a><\/p>\n","protected":false},"author":1,"featured_media":0,"comment_status":"closed","ping_status":"open","sticky":false,"template":"","format":"standard","meta":{"footnotes":""},"categories":[18,10],"tags":[277,276],"class_list":["post-3641","post","type-post","status-publish","format-standard","hentry","category-democrazia","category-politica","tag-laura-boldrini","tag-opposizione"],"_links":{"self":[{"href":"https:\/\/www.marinadellabella.it\/index.php?rest_route=\/wp\/v2\/posts\/3641","targetHints":{"allow":["GET"]}}],"collection":[{"href":"https:\/\/www.marinadellabella.it\/index.php?rest_route=\/wp\/v2\/posts"}],"about":[{"href":"https:\/\/www.marinadellabella.it\/index.php?rest_route=\/wp\/v2\/types\/post"}],"author":[{"embeddable":true,"href":"https:\/\/www.marinadellabella.it\/index.php?rest_route=\/wp\/v2\/users\/1"}],"replies":[{"embeddable":true,"href":"https:\/\/www.marinadellabella.it\/index.php?rest_route=%2Fwp%2Fv2%2Fcomments&post=3641"}],"version-history":[{"count":6,"href":"https:\/\/www.marinadellabella.it\/index.php?rest_route=\/wp\/v2\/posts\/3641\/revisions"}],"predecessor-version":[{"id":3649,"href":"https:\/\/www.marinadellabella.it\/index.php?rest_route=\/wp\/v2\/posts\/3641\/revisions\/3649"}],"wp:attachment":[{"href":"https:\/\/www.marinadellabella.it\/index.php?rest_route=%2Fwp%2Fv2%2Fmedia&parent=3641"}],"wp:term":[{"taxonomy":"category","embeddable":true,"href":"https:\/\/www.marinadellabella.it\/index.php?rest_route=%2Fwp%2Fv2%2Fcategories&post=3641"},{"taxonomy":"post_tag","embeddable":true,"href":"https:\/\/www.marinadellabella.it\/index.php?rest_route=%2Fwp%2Fv2%2Ftags&post=3641"}],"curies":[{"name":"wp","href":"https:\/\/api.w.org\/{rel}","templated":true}]}}