{"id":3716,"date":"2014-02-21T22:33:26","date_gmt":"2014-02-21T21:33:26","guid":{"rendered":"http:\/\/www.marinadellabella.it\/?p=3716"},"modified":"2014-07-07T15:59:47","modified_gmt":"2014-07-07T14:59:47","slug":"in-una-saletta-di-montecitorio","status":"publish","type":"post","link":"https:\/\/www.marinadellabella.it\/?p=3716","title":{"rendered":"In una saletta di Montecitorio"},"content":{"rendered":"<p><a href=\"https:\/\/www.marinadellabella.it\/wp-content\/uploads\/2014\/02\/Matteo-Renzi.jpg\"><img loading=\"lazy\" decoding=\"async\" class=\"alignleft  wp-image-3720\" alt=\"Matteo Renzi\" src=\"https:\/\/www.marinadellabella.it\/wp-content\/uploads\/2014\/02\/Matteo-Renzi.jpg\" width=\"293\" height=\"195\" \/><\/a>Un certo Matteo Renzi, ennesimo Presidente del Consiglio non per volont\u00e0 popolare ma per qualche contorsionismo di vertici in odore di tirannia, \u00e8 un pollo d&#8217;allevamento nato e gonfiato nel laboratorio delle tv e dei giornali padronali, inoculato del virus democristiano prima, piddino poi e ora di altro virus di rampantismo generazionale, incrocio dei primi due con il berlusconismo, le banche, alcune lobby e qualche imprenditore di grande e sospetto successo. Se un soggetto cos\u00ec, finto e transgenico, si mette a fare consultazioni per costituire un governo (fuori da ogni logica parlamentare ma benedetto dalle peggiori istituzioni, malate e deviate come lui) il minimo da fare \u00e8 stargli molto lontano, spiegando ai cittadini il tragico perch\u00e9 di questa distanza. Se invece si obbedisce come hanno fatto i Cinque Stelle, e si va ad incontrare questa specie di ventriloquo berlusconiano <a href=\"http:\/\/www.youtube.com\/watch?v=i8Vl-xUGVEo\">in una saletta di Montecitorio<\/a>, non ci sono strategie comunicative che possano salvarti: n\u00e9 la visibilit\u00e0 mediatica di un portavoce n\u00e9 l&#8217;unilateralit\u00e0 e la durezza della sua comunicazione (meglio sarebbe stato, allora, leggere un comunicato di denuncia delle ultime, gravi manovre antidemocratiche, cos\u00ec come facevano i giornalisti quando ancora scioperavano) n\u00e9 la registrazione integrale dell&#8217;incontro. C&#8217;\u00e8 poco da fare, per quanto differenti si rimane comunque incastrati nel gelo replicabile di un breve filmato che ricorda, per oscenit\u00e0, qualche vecchia ripresa di sequestri in cui non si distingue il sequestratore dal sequestrato, il carnefice dalla vittima. Questo perch\u00e8 la finzione attiva un vortice pazzesco, uno scollamento totale dalla realt\u00e0 che risucchia tutto: persone, idee, sentimenti, coerenza. E parole, che perdono automaticamente di senso. Oppure si preferisce dimenticarle, quelle parole, perch\u00e9 diventano parte del teatrino entro cui sono state pronunciate. Eppure una frase continua a picchiarmi in testa, detta con enfasi e falso senso di responsabilit\u00e0 da quello scherzo della genetica partitica che \u00e8 Renzi: &#8220;Questo \u00e8 il luogo dove c&#8217;\u00e8 il dolore vero delle persone&#8221;. Cosa? Una saletta di Montecitorio sarebbe il luogo del dolore delle persone? Cio\u00e8 di chi soffre le conseguenze di errori,\u00a0 furti, soprusi e violenze di un sistema di cui Renzi \u00e8 stato ed \u00e8 pienamente parte? Per caso Renzi ha scelto i suoi ministri e i suoi interlocutori tra i senza tetto e i senza lavoro, tra i licenziati e i malati che lo stato non cura, tra i parenti dei morti di galera, di immigrazione oppure di suicidio per via della crisi? Ma di cosa parla questa voragine vestita e truccata da studio televisivo? E come si permette?<br \/>\nDa oggi per molti, costretti dall&#8217;ingiustizia sociale a una condizione di privazione continua, di umiliazione, di odio cupo e senza sbocco, si aprir\u00e0 una fase anche pi\u00f9 difficile. E&#8217; una destra aggressiva e vuota quella dei nuovi quarantenni, e avanza sulle spalle dei vecchi peggiori, senza quasi ricordi. E&#8217; una destra spaccona, bugiarda e traditrice che ripete slogan senza senso nei salotti televisivi, dove finge una giovinezza che non ha e un&#8217;onest\u00e0 che non ha mai avuto. E&#8217; una destra che s&#8217;\u00e8 mangiata tutto, anche gli ultimi resti di un&#8217;antica idea di uguaglianza abbandonata in qualche vecchia e vuota sede di partito.<br \/>\nUn&#8217;epoca si \u00e8 conclusa e a sinistra \u00e8 rimasto il vuoto: occorre convincersi di questo prima di rimettersi in marcia e di decidere chi sia veramente il nemico.<\/p>\n","protected":false},"excerpt":{"rendered":"<p>Un certo Matteo Renzi, ennesimo Presidente del Consiglio non per volont\u00e0 popolare ma per qualche contorsionismo di vertici in odore di tirannia, \u00e8 un pollo d&#8217;allevamento nato e gonfiato nel laboratorio delle tv e dei giornali padronali, inoculato del virus &hellip; <a href=\"https:\/\/www.marinadellabella.it\/?p=3716\">Continua a leggere<span class=\"meta-nav\">&rarr;<\/span><\/a><\/p>\n","protected":false},"author":1,"featured_media":0,"comment_status":"closed","ping_status":"open","sticky":false,"template":"","format":"standard","meta":{"footnotes":""},"categories":[10],"tags":[298,208],"class_list":["post-3716","post","type-post","status-publish","format-standard","hentry","category-politica","tag-matteo-renzi","tag-movimento-cinque-stelle"],"_links":{"self":[{"href":"https:\/\/www.marinadellabella.it\/index.php?rest_route=\/wp\/v2\/posts\/3716","targetHints":{"allow":["GET"]}}],"collection":[{"href":"https:\/\/www.marinadellabella.it\/index.php?rest_route=\/wp\/v2\/posts"}],"about":[{"href":"https:\/\/www.marinadellabella.it\/index.php?rest_route=\/wp\/v2\/types\/post"}],"author":[{"embeddable":true,"href":"https:\/\/www.marinadellabella.it\/index.php?rest_route=\/wp\/v2\/users\/1"}],"replies":[{"embeddable":true,"href":"https:\/\/www.marinadellabella.it\/index.php?rest_route=%2Fwp%2Fv2%2Fcomments&post=3716"}],"version-history":[{"count":5,"href":"https:\/\/www.marinadellabella.it\/index.php?rest_route=\/wp\/v2\/posts\/3716\/revisions"}],"predecessor-version":[{"id":3738,"href":"https:\/\/www.marinadellabella.it\/index.php?rest_route=\/wp\/v2\/posts\/3716\/revisions\/3738"}],"wp:attachment":[{"href":"https:\/\/www.marinadellabella.it\/index.php?rest_route=%2Fwp%2Fv2%2Fmedia&parent=3716"}],"wp:term":[{"taxonomy":"category","embeddable":true,"href":"https:\/\/www.marinadellabella.it\/index.php?rest_route=%2Fwp%2Fv2%2Fcategories&post=3716"},{"taxonomy":"post_tag","embeddable":true,"href":"https:\/\/www.marinadellabella.it\/index.php?rest_route=%2Fwp%2Fv2%2Ftags&post=3716"}],"curies":[{"name":"wp","href":"https:\/\/api.w.org\/{rel}","templated":true}]}}