{"id":3763,"date":"2014-03-30T22:08:05","date_gmt":"2014-03-30T21:08:05","guid":{"rendered":"http:\/\/www.marinadellabella.it\/?p=3763"},"modified":"2014-07-07T15:59:47","modified_gmt":"2014-07-07T14:59:47","slug":"superpremier-e-nuovi-podesta","status":"publish","type":"post","link":"https:\/\/www.marinadellabella.it\/?p=3763","title":{"rendered":"Lo stato del superpremier"},"content":{"rendered":"<p><img loading=\"lazy\" decoding=\"async\" class=\"alignleft size-full wp-image-18446\" alt=\"Berlusconi-renzi\" src=\"http:\/\/www.libertaegiustizia.it\/wp-content\/uploads\/2014\/01\/Berlusconi-renzi.jpg\" width=\"311\" height=\"162\" \/>Il modello emergenziale applicato in Italia alla gestione delle catastrofi naturali e dei disastri ambientali, delle grandi opere e degli eventi (poteri straordinari, urgenza e deregolamentazione, militarizzazione e ordine pubblico su territori e popolazioni) si \u00e8 ormai diffuso al punto da rafforzare i vertici di tante amministrazioni (con funzioni super per sindaci, presidenti, commissari e manager), anche nella gestione di beni e servizi sempre pi\u00f9 lontani dai cittadini.<br \/>\nQuesto modello, complice una crisi economica e di sistema prodotta dagli stessi soggetti che oggi dichiarano di volerla superare, va estendendosi all&#8217;impianto istituzionale e costituzionale del paese. Per gravit\u00e0 ed urgenza si legittima il superomismo prima di Berlusconi e poi di Renzi, con l&#8217;aggravante di un patto tra ai due, sostenuto dai relativi partiti anche in carenza di legittimazione elettorale.\u00a0 Renzi, e con lui uno stuolo di trenta-quarantenni similfuturisti, abbraccia la velocit\u00e0 di azione, il vuoto riflessivo e il cinismo rampante mediaticamente giocati con la convinzione tipica dei bari. E punta a una legge elettorale e a un assetto istituzionale sempre meno rappresentativi dei cittadini e sempre pi\u00f9 sistema di nominati. Vedi gli organi provinciale e camerale delle autonomie, ad esempio, non elettivi ma cosiddetti &#8220;di secondo livello&#8221;. E una Costituzione piegata al modello del superpremier Renzi (definito &#8220;sindaco d&#8217;Italia&#8221; per legittimarne il disegno accentratore e autoritario), cos\u00ec gradito a Berlusconi, a qualche loggia e ai soliti poteri forti, nazionali e internazionali.<br \/>\nTutto ci\u00f2 sta avvenendo con l&#8217;appoggio dei media e con la grancassa di chi, salito sul carro in corsa, cerca ora di trarne vantaggio.<br \/>\nC&#8217;\u00e8 chi ha combattuto per darci una repubblica parlamentare e una Costituzione da paese libero e civile. Non si pu\u00f2 correre il rischio che i padri costituenti vengano oggi sostituiti da personaggi cos\u00ec spregiudicati e privi di spessore politico. Perch\u00e9 si affermi la coscienza di questo pericolo va sostenuta la campagna di <a href=\"http:\/\/www.libertaegiustizia.it\/2014\/03\/27\/verso-la-svolta-autoritaria\/\">Libert\u00e0 e Giustizia<\/a>, unica voce chiara e forte in un silenzio davvero preoccupante.<\/p>\n","protected":false},"excerpt":{"rendered":"<p>Il modello emergenziale applicato in Italia alla gestione delle catastrofi naturali e dei disastri ambientali, delle grandi opere e degli eventi (poteri straordinari, urgenza e deregolamentazione, militarizzazione e ordine pubblico su territori e popolazioni) si \u00e8 ormai diffuso al punto &hellip; <a href=\"https:\/\/www.marinadellabella.it\/?p=3763\">Continua a leggere<span class=\"meta-nav\">&rarr;<\/span><\/a><\/p>\n","protected":false},"author":1,"featured_media":0,"comment_status":"closed","ping_status":"open","sticky":false,"template":"","format":"standard","meta":{"footnotes":""},"categories":[10],"tags":[308,298,263],"class_list":["post-3763","post","type-post","status-publish","format-standard","hentry","category-politica","tag-liberta-e-giustizia","tag-matteo-renzi","tag-silvio-berlusconi"],"_links":{"self":[{"href":"https:\/\/www.marinadellabella.it\/index.php?rest_route=\/wp\/v2\/posts\/3763","targetHints":{"allow":["GET"]}}],"collection":[{"href":"https:\/\/www.marinadellabella.it\/index.php?rest_route=\/wp\/v2\/posts"}],"about":[{"href":"https:\/\/www.marinadellabella.it\/index.php?rest_route=\/wp\/v2\/types\/post"}],"author":[{"embeddable":true,"href":"https:\/\/www.marinadellabella.it\/index.php?rest_route=\/wp\/v2\/users\/1"}],"replies":[{"embeddable":true,"href":"https:\/\/www.marinadellabella.it\/index.php?rest_route=%2Fwp%2Fv2%2Fcomments&post=3763"}],"version-history":[{"count":12,"href":"https:\/\/www.marinadellabella.it\/index.php?rest_route=\/wp\/v2\/posts\/3763\/revisions"}],"predecessor-version":[{"id":3775,"href":"https:\/\/www.marinadellabella.it\/index.php?rest_route=\/wp\/v2\/posts\/3763\/revisions\/3775"}],"wp:attachment":[{"href":"https:\/\/www.marinadellabella.it\/index.php?rest_route=%2Fwp%2Fv2%2Fmedia&parent=3763"}],"wp:term":[{"taxonomy":"category","embeddable":true,"href":"https:\/\/www.marinadellabella.it\/index.php?rest_route=%2Fwp%2Fv2%2Fcategories&post=3763"},{"taxonomy":"post_tag","embeddable":true,"href":"https:\/\/www.marinadellabella.it\/index.php?rest_route=%2Fwp%2Fv2%2Ftags&post=3763"}],"curies":[{"name":"wp","href":"https:\/\/api.w.org\/{rel}","templated":true}]}}