{"id":3783,"date":"2014-04-24T17:20:39","date_gmt":"2014-04-24T16:20:39","guid":{"rendered":"http:\/\/www.marinadellabella.it\/?p=3783"},"modified":"2014-07-07T15:59:47","modified_gmt":"2014-07-07T14:59:47","slug":"i-rottamatori-della-resistenza","status":"publish","type":"post","link":"https:\/\/www.marinadellabella.it\/?p=3783","title":{"rendered":"I rottamatori della Resistenza"},"content":{"rendered":"<p><a href=\"https:\/\/www.marinadellabella.it\/wp-content\/uploads\/2014\/04\/resistenza.jpg\"><img loading=\"lazy\" decoding=\"async\" class=\"alignleft  wp-image-3788\" alt=\"resistenza\" src=\"https:\/\/www.marinadellabella.it\/wp-content\/uploads\/2014\/04\/resistenza-300x161.jpg\" width=\"324\" height=\"174\" srcset=\"https:\/\/www.marinadellabella.it\/wp-content\/uploads\/2014\/04\/resistenza-300x161.jpg 300w, https:\/\/www.marinadellabella.it\/wp-content\/uploads\/2014\/04\/resistenza.jpg 925w\" sizes=\"auto, (max-width: 324px) 100vw, 324px\" \/><\/a>Una deriva autoritaria attraversa da decenni questo paese. E&#8217; un&#8217;energia insana che non si consuma mai e sempre si modifica, prendendo forme di superuomini e interessi al seguito, siano essi locali, nazionali o sovranazionali. E di apparati che garantiscono consenso, controllo, repressione. Istituzioni, media, forze dell&#8217;ordine e intelligence: tutti al servizio del garante di turno dei poteri finanziari e dei mercati, delle \u00e9lites visibili e invisibili, delle mafie.<br \/>\nE la politica si adegua, cambia pelle. Forte della distanza dalle basi sociali, sdogana il cinismo, il decisionismo e la velocit\u00e0 di pochi uomini al comando. L&#8217;una e gli altri sono lontani dal comprendere una crisi di sistema senza ritorno. L&#8217;una e gli altri sono indisponibili all&#8217;ascolto di moltitudini, di minoranze e movimenti, trattati sempre pi\u00f9 come massa da imbonire, depredare e reprimere.<br \/>\nQuesta \u00e8 la societ\u00e0 per la quale i partigiani hanno combattuto? Queste la libert\u00e0 e l&#8217;uguaglianza scritte con il sangue dentro la Costituzione? Quale filo lega ancora la Resistenza, la Costituzione e le rappresentanze politiche?<br \/>\nAnche il partito che ne ha sempre preteso paternit\u00e0 e continuit\u00e0 ha sposato da tempo un revisionismo senza precedenti. Partito ormai impresentabile, per il trasformismo e l&#8217;organicit\u00e0 con cui ora segue la scia del ventennio berlusconiano e fascista.<br \/>\nQuel filo non c&#8217;\u00e8 pi\u00f9, rottamato insieme ai valori fondanti di un paese che si voleva civile, ridotti a vuote parole di marketing, elettorale e personale. Come la Resistenza, anch&#8217;essa parola di marketing e di retorica insieme, per vuote commemorazioni di facciata.<br \/>\nSfilano immagini senza carne e parole senza sostanza, alle quali resistere in nome della Resistenza.<\/p>\n","protected":false},"excerpt":{"rendered":"<p>Una deriva autoritaria attraversa da decenni questo paese. E&#8217; un&#8217;energia insana che non si consuma mai e sempre si modifica, prendendo forme di superuomini e interessi al seguito, siano essi locali, nazionali o sovranazionali. E di apparati che garantiscono consenso, &hellip; <a href=\"https:\/\/www.marinadellabella.it\/?p=3783\">Continua a leggere<span class=\"meta-nav\">&rarr;<\/span><\/a><\/p>\n","protected":false},"author":1,"featured_media":0,"comment_status":"closed","ping_status":"open","sticky":false,"template":"","format":"standard","meta":{"footnotes":""},"categories":[10],"tags":[51],"class_list":["post-3783","post","type-post","status-publish","format-standard","hentry","category-politica","tag-resistenza"],"_links":{"self":[{"href":"https:\/\/www.marinadellabella.it\/index.php?rest_route=\/wp\/v2\/posts\/3783","targetHints":{"allow":["GET"]}}],"collection":[{"href":"https:\/\/www.marinadellabella.it\/index.php?rest_route=\/wp\/v2\/posts"}],"about":[{"href":"https:\/\/www.marinadellabella.it\/index.php?rest_route=\/wp\/v2\/types\/post"}],"author":[{"embeddable":true,"href":"https:\/\/www.marinadellabella.it\/index.php?rest_route=\/wp\/v2\/users\/1"}],"replies":[{"embeddable":true,"href":"https:\/\/www.marinadellabella.it\/index.php?rest_route=%2Fwp%2Fv2%2Fcomments&post=3783"}],"version-history":[{"count":7,"href":"https:\/\/www.marinadellabella.it\/index.php?rest_route=\/wp\/v2\/posts\/3783\/revisions"}],"predecessor-version":[{"id":3791,"href":"https:\/\/www.marinadellabella.it\/index.php?rest_route=\/wp\/v2\/posts\/3783\/revisions\/3791"}],"wp:attachment":[{"href":"https:\/\/www.marinadellabella.it\/index.php?rest_route=%2Fwp%2Fv2%2Fmedia&parent=3783"}],"wp:term":[{"taxonomy":"category","embeddable":true,"href":"https:\/\/www.marinadellabella.it\/index.php?rest_route=%2Fwp%2Fv2%2Fcategories&post=3783"},{"taxonomy":"post_tag","embeddable":true,"href":"https:\/\/www.marinadellabella.it\/index.php?rest_route=%2Fwp%2Fv2%2Ftags&post=3783"}],"curies":[{"name":"wp","href":"https:\/\/api.w.org\/{rel}","templated":true}]}}